{"id":122125,"date":"2024-06-12T08:00:20","date_gmt":"2024-06-12T11:00:20","guid":{"rendered":"https:\/\/onordeste.com.br\/?p=122124"},"modified":"2024-06-12T08:00:20","modified_gmt":"2024-06-12T11:00:20","slug":"pf-mpt-e-mte-combatem-o-trabalho-escravo","status":"publish","type":"post","link":"https:\/\/iparaiba.com.br\/index.php\/2024\/06\/12\/pf-mpt-e-mte-combatem-o-trabalho-escravo\/","title":{"rendered":"PF, MPT e MTE combatem o trabalho escravo"},"content":{"rendered":"<p><strong>Uberaba\/MG.<\/strong>\u00a0Em a\u00e7\u00f5es coordenadas, a Pol\u00edcia Federal, o Minist\u00e9rio do Trabalho e Emprego, atrav\u00e9s da Ger\u00eancia Regional do Trabalho em Uberaba, e o Minist\u00e9rio P\u00fablico do Trabalho deflagraram uma opera\u00e7\u00e3o conjunta de combate ao trabalho an\u00e1logo ao de escravo em munic\u00edpios da regi\u00e3o de Santa Rosa da Serra e Campos Altos, em Minas Gerais.<\/p>\n<p>As opera\u00e7\u00f5es, iniciadas no dia 3 de junho de 2024, foram desencadeada ap\u00f3s den\u00fancias que apontavam fortes ind\u00edcios de condi\u00e7\u00f5es an\u00e1logas \u00e0 escravid\u00e3o na cultura do caf\u00e9. Em resposta \u00e0s den\u00fancias, uma for\u00e7a-tarefa foi montada para investigar e coibir essa pr\u00e1tica criminosa, resultando no resgate de 16 trabalhadores que viviam em condi\u00e7\u00f5es degradantes e insalubres.<\/p>\n<p>Os trabalhadores resgatados foram aliciados no interior da Bahia e encontrados em situa\u00e7\u00e3o de vulnerabilidade, sem acesso a condi\u00e7\u00f5es m\u00ednimas de seguran\u00e7a, sa\u00fade e dignidade.<\/p>\n<p>Durante as opera\u00e7\u00f5es, foram realizadas inspe\u00e7\u00f5es nas propriedades rurais denunciadas, e os respons\u00e1veis por tais pr\u00e1ticas ilegais foram identificados e podem ser investigados pelos crimes de redu\u00e7\u00e3o a condi\u00e7\u00e3o an\u00e1loga \u00e0 de escravo, al\u00e9m de outras infra\u00e7\u00f5es trabalhistas. Os empregadores ser\u00e3o notificados e investigados pelos atos praticados.<\/p>\n<p>Nesta sexta-feira, os 16 trabalhadores receberam cerca de R$ 90.000,00 em verbas salariais e rescis\u00f3rias. Os trabalhadores tamb\u00e9m ter\u00e3o direito a tr\u00eas parcelas de seguro desemprego e tiveram seu retorno aos locais de origem garantido. O Minist\u00e9rio P\u00fablico do Trabalho ainda est\u00e1 em negocia\u00e7\u00e3o de indeniza\u00e7\u00e3o por danos morais individuais em favor dos trabalhadores.<\/p>\n<p><em>Comunica\u00e7\u00e3o Social da Pol\u00edcia Federal em Minas Gerais<\/em><\/p>\n","protected":false},"excerpt":{"rendered":"<p>Uberaba\/MG.\u00a0Em a\u00e7\u00f5es coordenadas, a Pol\u00edcia Federal, o Minist\u00e9rio do Trabalho e Emprego, atrav\u00e9s da Ger\u00eancia Regional do Trabalho em Uberaba, e o Minist\u00e9rio P\u00fablico do Trabalho deflagraram uma opera\u00e7\u00e3o conjunta de combate ao trabalho an\u00e1logo ao de escravo em munic\u00edpios da regi\u00e3o de Santa Rosa da Serra e Campos Altos, em Minas Gerais. As opera\u00e7\u00f5es, &hellip;<\/p>\n","protected":false},"author":1,"featured_media":97507,"comment_status":"open","ping_status":"open","sticky":false,"template":"","format":"standard","meta":{"footnotes":""},"categories":[18],"tags":[],"class_list":["post-122125","post","type-post","status-publish","format-standard","has-post-thumbnail","hentry","category-brasil"],"_links":{"self":[{"href":"https:\/\/iparaiba.com.br\/index.php\/wp-json\/wp\/v2\/posts\/122125","targetHints":{"allow":["GET"]}}],"collection":[{"href":"https:\/\/iparaiba.com.br\/index.php\/wp-json\/wp\/v2\/posts"}],"about":[{"href":"https:\/\/iparaiba.com.br\/index.php\/wp-json\/wp\/v2\/types\/post"}],"author":[{"embeddable":true,"href":"https:\/\/iparaiba.com.br\/index.php\/wp-json\/wp\/v2\/users\/1"}],"replies":[{"embeddable":true,"href":"https:\/\/iparaiba.com.br\/index.php\/wp-json\/wp\/v2\/comments?post=122125"}],"version-history":[{"count":1,"href":"https:\/\/iparaiba.com.br\/index.php\/wp-json\/wp\/v2\/posts\/122125\/revisions"}],"predecessor-version":[{"id":122152,"href":"https:\/\/iparaiba.com.br\/index.php\/wp-json\/wp\/v2\/posts\/122125\/revisions\/122152"}],"wp:featuredmedia":[{"embeddable":true,"href":"https:\/\/iparaiba.com.br\/index.php\/wp-json\/wp\/v2\/media\/97507"}],"wp:attachment":[{"href":"https:\/\/iparaiba.com.br\/index.php\/wp-json\/wp\/v2\/media?parent=122125"}],"wp:term":[{"taxonomy":"category","embeddable":true,"href":"https:\/\/iparaiba.com.br\/index.php\/wp-json\/wp\/v2\/categories?post=122125"},{"taxonomy":"post_tag","embeddable":true,"href":"https:\/\/iparaiba.com.br\/index.php\/wp-json\/wp\/v2\/tags?post=122125"}],"curies":[{"name":"wp","href":"https:\/\/api.w.org\/{rel}","templated":true}]}}