{"id":122119,"date":"2024-06-11T10:00:35","date_gmt":"2024-06-11T13:00:35","guid":{"rendered":"https:\/\/onordeste.com.br\/?p=122112"},"modified":"2024-06-11T10:00:35","modified_gmt":"2024-06-11T13:00:35","slug":"assembleia-aprova-estatuto-da-pessoa-com-fibromialgia","status":"publish","type":"post","link":"https:\/\/iparaiba.com.br\/index.php\/2024\/06\/11\/assembleia-aprova-estatuto-da-pessoa-com-fibromialgia\/","title":{"rendered":"Assembleia aprova Estatuto da Pessoa com Fibromialgia"},"content":{"rendered":"<p>A Assembleia Legislativa da Para\u00edba aprovou a cria\u00e7\u00e3o do Estatuto da Pessoa com Fibromialgia no Estado da Para\u00edba. O Projeto de Lei 2.300\/2024, de autoria do deputado Wilson Filho estabelece direitos, garantias e pol\u00edticas p\u00fablicas espec\u00edficas para as pessoas diagnosticadas com fibromialgia.<\/p>\n<p>O deputado Wilson Filho explica que a aprova\u00e7\u00e3o da mat\u00e9ria \u00e9 um reconhecimento \u00e0 condi\u00e7\u00e3o da pessoa com fibromialgia, promovendo sua inclus\u00e3o social, sa\u00fade e bem-estar. \u201c\u00c9 crucial destacar que a fibromialgia n\u00e3o apenas causa sofrimento f\u00edsico, mas tamb\u00e9m acarreta desafios emocionais, sociais e econ\u00f4micos consider\u00e1veis para os pacientes e suas fam\u00edlias. O Estatuto visa estabelecer um conjunto abrangente de direitos, pol\u00edticas p\u00fablicas e medidas de apoio espec\u00edficas para atender \u00e0s necessidades das pessoas com fibromialgia.\u201d, afirmou.<\/p>\n<p>O texto estipula como direitos fundamentais da pessoa com fibromialgia o acesso universal e equitativo aos servi\u00e7os de sa\u00fade, desde o diagn\u00f3stico, passando pelo tratamento multidisciplinar at\u00e9 o acesso a medicamentos, assim como, a informa\u00e7\u00e3o clara e atualizada sobre a doen\u00e7a.<\/p>\n<p>Os parlamentares aprovaram tamb\u00e9m o PL 1.228\/2023, proposto pelo deputado Jo\u00e3o Gon\u00e7alves, que cria a Pol\u00edtica Estadual de Aten\u00e7\u00e3o \u00e0 Pessoa com Doen\u00e7a de Parkinson. A mat\u00e9ria imp\u00f5e diretrizes e objetivos para garantir o acesso integral e multiprofissional ao atendimento \u00e0s pessoas diagnosticadas com essa condi\u00e7\u00e3o de sa\u00fade. Para o deputado Jo\u00e3o, \u00e9 \u201cfundamental fomentar a qualifica\u00e7\u00e3o e a humaniza\u00e7\u00e3o do atendimento aos pacientes com doen\u00e7a de Parkinson\u201d, justificou em seu projeto.<\/p>\n","protected":false},"excerpt":{"rendered":"<p>A Assembleia Legislativa da Para\u00edba aprovou a cria\u00e7\u00e3o do Estatuto da Pessoa com Fibromialgia no Estado da Para\u00edba. O Projeto de Lei 2.300\/2024, de autoria do deputado Wilson Filho estabelece direitos, garantias e pol\u00edticas p\u00fablicas espec\u00edficas para as pessoas diagnosticadas com fibromialgia. O deputado Wilson Filho explica que a aprova\u00e7\u00e3o da mat\u00e9ria \u00e9 um reconhecimento &hellip;<\/p>\n","protected":false},"author":1,"featured_media":100822,"comment_status":"open","ping_status":"open","sticky":false,"template":"","format":"standard","meta":{"footnotes":""},"categories":[2],"tags":[],"class_list":["post-122119","post","type-post","status-publish","format-standard","has-post-thumbnail","hentry","category-saude"],"_links":{"self":[{"href":"https:\/\/iparaiba.com.br\/index.php\/wp-json\/wp\/v2\/posts\/122119","targetHints":{"allow":["GET"]}}],"collection":[{"href":"https:\/\/iparaiba.com.br\/index.php\/wp-json\/wp\/v2\/posts"}],"about":[{"href":"https:\/\/iparaiba.com.br\/index.php\/wp-json\/wp\/v2\/types\/post"}],"author":[{"embeddable":true,"href":"https:\/\/iparaiba.com.br\/index.php\/wp-json\/wp\/v2\/users\/1"}],"replies":[{"embeddable":true,"href":"https:\/\/iparaiba.com.br\/index.php\/wp-json\/wp\/v2\/comments?post=122119"}],"version-history":[{"count":1,"href":"https:\/\/iparaiba.com.br\/index.php\/wp-json\/wp\/v2\/posts\/122119\/revisions"}],"predecessor-version":[{"id":122146,"href":"https:\/\/iparaiba.com.br\/index.php\/wp-json\/wp\/v2\/posts\/122119\/revisions\/122146"}],"wp:featuredmedia":[{"embeddable":true,"href":"https:\/\/iparaiba.com.br\/index.php\/wp-json\/wp\/v2\/media\/100822"}],"wp:attachment":[{"href":"https:\/\/iparaiba.com.br\/index.php\/wp-json\/wp\/v2\/media?parent=122119"}],"wp:term":[{"taxonomy":"category","embeddable":true,"href":"https:\/\/iparaiba.com.br\/index.php\/wp-json\/wp\/v2\/categories?post=122119"},{"taxonomy":"post_tag","embeddable":true,"href":"https:\/\/iparaiba.com.br\/index.php\/wp-json\/wp\/v2\/tags?post=122119"}],"curies":[{"name":"wp","href":"https:\/\/api.w.org\/{rel}","templated":true}]}}