{"id":122117,"date":"2024-06-11T06:00:06","date_gmt":"2024-06-11T09:00:06","guid":{"rendered":"https:\/\/onordeste.com.br\/?p=122108"},"modified":"2024-06-11T06:00:06","modified_gmt":"2024-06-11T09:00:06","slug":"rede-de-protecao-a-crianca-e-ao-adolescente","status":"publish","type":"post","link":"https:\/\/iparaiba.com.br\/index.php\/2024\/06\/11\/rede-de-protecao-a-crianca-e-ao-adolescente\/","title":{"rendered":"Rede de prote\u00e7\u00e3o \u00e0 crian\u00e7a e ao adolescente"},"content":{"rendered":"<p style=\"font-weight: 400;\">A C\u00e2mara Municipal de Jo\u00e3o Pessoa (CMJP) realizou sess\u00e3o especial para debater a Rede de Prote\u00e7\u00e3o \u00e0 Crian\u00e7a e ao Adolescente e as pol\u00edticas p\u00fablicas voltadas para a sa\u00fade mental dessa popula\u00e7\u00e3o em Jo\u00e3o Pessoa. A sess\u00e3o reuniu representantes de diversas institui\u00e7\u00f5es que atuam em defesa das crian\u00e7as e adolescentes no \u00e2mbito municipal e foi proposta pelo vereador Marcos Henriques (PT).<\/p>\n<p style=\"font-weight: 400;\">O parlamentar falou sobre a import\u00e2ncia da Casa Napole\u00e3o Laureano debater a tem\u00e1tica. \u201cEnquanto presidente da Frente Parlamentar em Defesa dos Direitos da Crian\u00e7a e do Adolescente n\u00e3o podia me furtar de trazer o debate da sa\u00fade mental dessa popula\u00e7\u00e3o e, principalmente, quais s\u00e3o as pol\u00edticas p\u00fablicas que n\u00f3s temos para cuidar deles. A Rede de Prote\u00e7\u00e3o existe para levantar v\u00e1rios temas, e esse \u00e9 um tema que est\u00e1 na ordem do dia e perpassa por sa\u00fade, educa\u00e7\u00e3o e melhor qualidade de vida para nossas crian\u00e7as. A Rede de Prote\u00e7\u00e3o faz um trabalho fant\u00e1stico, n\u00e3o s\u00f3 na quest\u00e3o da sa\u00fade mental, mas tamb\u00e9m na quest\u00e3o do combate ao abuso sexual e ao trabalho infantil. A sociedade precisa se apropriar desses temas, e n\u00f3s precisamos entender que a crian\u00e7a precisa ter uma cria\u00e7\u00e3o sadia e chegar a fase adulta de maneira sadia, com a sa\u00fade mental totalmente estabelecida. Para ter um bom intelecto \u00e9 preciso ter a sa\u00fade mental equilibrada e, sobre isso, o poder p\u00fablico tem uma grande responsabilidade\u201d, afirmou.<\/p>\n<p style=\"font-weight: 400;\">\n","protected":false},"excerpt":{"rendered":"<p>A C\u00e2mara Municipal de Jo\u00e3o Pessoa (CMJP) realizou sess\u00e3o especial para debater a Rede de Prote\u00e7\u00e3o \u00e0 Crian\u00e7a e ao Adolescente e as pol\u00edticas p\u00fablicas voltadas para a sa\u00fade mental dessa popula\u00e7\u00e3o em Jo\u00e3o Pessoa. A sess\u00e3o reuniu representantes de diversas institui\u00e7\u00f5es que atuam em defesa das crian\u00e7as e adolescentes no \u00e2mbito municipal e foi &hellip;<\/p>\n","protected":false},"author":1,"featured_media":116544,"comment_status":"open","ping_status":"open","sticky":false,"template":"","format":"standard","meta":{"footnotes":""},"categories":[6],"tags":[],"class_list":["post-122117","post","type-post","status-publish","format-standard","has-post-thumbnail","hentry","category-destaques"],"_links":{"self":[{"href":"https:\/\/iparaiba.com.br\/index.php\/wp-json\/wp\/v2\/posts\/122117","targetHints":{"allow":["GET"]}}],"collection":[{"href":"https:\/\/iparaiba.com.br\/index.php\/wp-json\/wp\/v2\/posts"}],"about":[{"href":"https:\/\/iparaiba.com.br\/index.php\/wp-json\/wp\/v2\/types\/post"}],"author":[{"embeddable":true,"href":"https:\/\/iparaiba.com.br\/index.php\/wp-json\/wp\/v2\/users\/1"}],"replies":[{"embeddable":true,"href":"https:\/\/iparaiba.com.br\/index.php\/wp-json\/wp\/v2\/comments?post=122117"}],"version-history":[{"count":1,"href":"https:\/\/iparaiba.com.br\/index.php\/wp-json\/wp\/v2\/posts\/122117\/revisions"}],"predecessor-version":[{"id":122144,"href":"https:\/\/iparaiba.com.br\/index.php\/wp-json\/wp\/v2\/posts\/122117\/revisions\/122144"}],"wp:featuredmedia":[{"embeddable":true,"href":"https:\/\/iparaiba.com.br\/index.php\/wp-json\/wp\/v2\/media\/116544"}],"wp:attachment":[{"href":"https:\/\/iparaiba.com.br\/index.php\/wp-json\/wp\/v2\/media?parent=122117"}],"wp:term":[{"taxonomy":"category","embeddable":true,"href":"https:\/\/iparaiba.com.br\/index.php\/wp-json\/wp\/v2\/categories?post=122117"},{"taxonomy":"post_tag","embeddable":true,"href":"https:\/\/iparaiba.com.br\/index.php\/wp-json\/wp\/v2\/tags?post=122117"}],"curies":[{"name":"wp","href":"https:\/\/api.w.org\/{rel}","templated":true}]}}