{"id":122116,"date":"2024-06-10T19:17:48","date_gmt":"2024-06-10T22:17:48","guid":{"rendered":"https:\/\/onordeste.com.br\/?p=122106"},"modified":"2024-06-10T19:17:48","modified_gmt":"2024-06-10T22:17:48","slug":"embaixador-de-mocambique-recebe-presidente-da-ubam","status":"publish","type":"post","link":"https:\/\/iparaiba.com.br\/index.php\/2024\/06\/10\/embaixador-de-mocambique-recebe-presidente-da-ubam\/","title":{"rendered":"Embaixador de Mo\u00e7ambique recebe presidente da UBAM"},"content":{"rendered":"<p style=\"font-weight: 400;\">O Embaixador da Rep\u00fablica de Mo\u00e7ambique, Diplomata Jacinto Janu\u00e1rio Maguni, recebeu hoje a executiva nacional da Uni\u00e3o Brasileira de Apoio aos Munic\u00edpios (UBAM), composta do presidente nacional, Leo Santana, da superintendente, Doutora Alandy Cavalcante e do representante da UBAM, no continente africano, Embaixador Jos\u00e9 Messias.<\/p>\n<p style=\"font-weight: 400;\">Na audi\u00eancia, o Embaixador Jacinto Maguni destacou a grande import\u00e2ncia da \u201cvisita diplom\u00e1tica dos que integram uma organiza\u00e7\u00e3o municipalista t\u00e3o importante como a UBAM\u201d e ressaltou que Mo\u00e7ambique est\u00e1 de portas abertas para as institui\u00e7\u00f5es brasileiras, governamentais e n\u00e3o governamentais, j\u00e1 que o seu pa\u00eds possui in\u00fameros projetos sociais, os quais beneficiam jovens e adultos, esperando contar com apoio internacional.<\/p>\n<p style=\"font-weight: 400;\">O presidente nacional da UBAM, executivo Leo Santana, comunicou ao Embaixador Jacinto a instala\u00e7\u00e3o, em Maputo, de representa\u00e7\u00e3o diplom\u00e1tica da entidade para o continente africano, com a designa\u00e7\u00e3o do Dr. Jos\u00e9 Messias, que j\u00e1 atua em v\u00e1rios projetos sociais em Mo\u00e7ambique, o que constituir\u00e1, segundo ele, o in\u00edcio de uma rela\u00e7\u00e3o prof\u00edcua no estreitamento das rela\u00e7\u00f5es com os demais pa\u00edses africanos.<\/p>\n<p style=\"font-weight: 400;\">Leo Santana solicitou ao Embaixador que viabilizasse uma visita do presidente de Mo\u00e7ambique, Felipe Nyusi ao Brasil, objetivando tratar com o governo brasileiro a possibilidade de investimentos e apoio aos projetos na \u00e1rea educacional e de infraestrutura, j\u00e1 que o Brasil \u00e9 um grande parceiro, que contar\u00e1 com todo apoio da UBAM.<\/p>\n<p style=\"font-weight: 400;\">Ele lembrou que, em mar\u00e7o de 2019, a Ag\u00eancia Brasileira de Coopera\u00e7\u00e3o (ABC) e o Minist\u00e9rio da Defesa coordenaram a log\u00edstica da assist\u00eancia humanit\u00e1ria do Brasil para Mo\u00e7ambique, atendendo determina\u00e7\u00e3o da Presid\u00eancia da Rep\u00fablica.\u00a0\u00a0O pa\u00eds africano sofreu com os estragos provocados pela passagem do ciclone Idai pelo sudeste do continente. Com ventos de mais de 170 quil\u00f4metros por hora, a tempestade tropical provocou centenas de mortes e destrui\u00e7\u00e3o em grandes propor\u00e7\u00f5es em Mo\u00e7ambique, Zimbabwe e Malawi.<\/p>\n<p style=\"font-weight: 400;\">Nesta quarta-feira (05), o presidente da UBAM levou 04 deputados de Mo\u00e7ambique a uma visita \u00e0 Sede da ABC, no Pal\u00e1cio do Itamaraty, quando foram recebidos pelo coordenador geral de coopera\u00e7\u00e3o t\u00e9cnica e parcerias com pa\u00edses desenvolvidos, Doutor Wofsi Yuri Guimar\u00e3es de Souza, e tamb\u00e9m destacou o prop\u00f3sito da entidade na realiza\u00e7\u00e3o de interc\u00e2mbio de prefeitos brasileiros com os de Mo\u00e7ambique, para uma grande experi\u00eancia de gest\u00e3o, que ser\u00e1 muito importante para os dois pa\u00edses.<\/p>\n","protected":false},"excerpt":{"rendered":"<p>O Embaixador da Rep\u00fablica de Mo\u00e7ambique, Diplomata Jacinto Janu\u00e1rio Maguni, recebeu hoje a executiva nacional da Uni\u00e3o Brasileira de Apoio aos Munic\u00edpios (UBAM), composta do presidente nacional, Leo Santana, da superintendente, Doutora Alandy Cavalcante e do representante da UBAM, no continente africano, Embaixador Jos\u00e9 Messias. Na audi\u00eancia, o Embaixador Jacinto Maguni destacou a grande import\u00e2ncia &hellip;<\/p>\n","protected":false},"author":1,"featured_media":105658,"comment_status":"open","ping_status":"open","sticky":false,"template":"","format":"standard","meta":{"footnotes":""},"categories":[18],"tags":[],"class_list":["post-122116","post","type-post","status-publish","format-standard","has-post-thumbnail","hentry","category-brasil"],"_links":{"self":[{"href":"https:\/\/iparaiba.com.br\/index.php\/wp-json\/wp\/v2\/posts\/122116","targetHints":{"allow":["GET"]}}],"collection":[{"href":"https:\/\/iparaiba.com.br\/index.php\/wp-json\/wp\/v2\/posts"}],"about":[{"href":"https:\/\/iparaiba.com.br\/index.php\/wp-json\/wp\/v2\/types\/post"}],"author":[{"embeddable":true,"href":"https:\/\/iparaiba.com.br\/index.php\/wp-json\/wp\/v2\/users\/1"}],"replies":[{"embeddable":true,"href":"https:\/\/iparaiba.com.br\/index.php\/wp-json\/wp\/v2\/comments?post=122116"}],"version-history":[{"count":1,"href":"https:\/\/iparaiba.com.br\/index.php\/wp-json\/wp\/v2\/posts\/122116\/revisions"}],"predecessor-version":[{"id":122143,"href":"https:\/\/iparaiba.com.br\/index.php\/wp-json\/wp\/v2\/posts\/122116\/revisions\/122143"}],"wp:featuredmedia":[{"embeddable":true,"href":"https:\/\/iparaiba.com.br\/index.php\/wp-json\/wp\/v2\/media\/105658"}],"wp:attachment":[{"href":"https:\/\/iparaiba.com.br\/index.php\/wp-json\/wp\/v2\/media?parent=122116"}],"wp:term":[{"taxonomy":"category","embeddable":true,"href":"https:\/\/iparaiba.com.br\/index.php\/wp-json\/wp\/v2\/categories?post=122116"},{"taxonomy":"post_tag","embeddable":true,"href":"https:\/\/iparaiba.com.br\/index.php\/wp-json\/wp\/v2\/tags?post=122116"}],"curies":[{"name":"wp","href":"https:\/\/api.w.org\/{rel}","templated":true}]}}