{"id":122113,"date":"2024-06-10T12:13:34","date_gmt":"2024-06-10T15:13:34","guid":{"rendered":"https:\/\/onordeste.com.br\/?p=122100"},"modified":"2024-06-10T12:13:34","modified_gmt":"2024-06-10T15:13:34","slug":"oab-vai-ao-stf-por-uso-de-tornozeleira-eletronica-na-saida-de-presos","status":"publish","type":"post","link":"https:\/\/iparaiba.com.br\/index.php\/2024\/06\/10\/oab-vai-ao-stf-por-uso-de-tornozeleira-eletronica-na-saida-de-presos\/","title":{"rendered":"OAB vai ao STF por uso de tornozeleira eletr\u00f4nica na sa\u00edda de presos"},"content":{"rendered":"<p>A Ordem dos Advogados do Brasil (OAB) protocolou no Supremo Tribunal Federal (STF) uma A\u00e7\u00e3o Direta de Inconstitucionalidade (ADI) contra a Lei n\u00ba 14.843\/24, que restringe as sa\u00eddas tempor\u00e1rias de presos.<\/p>\n<p>\u201cA OAB solicita ao STF que o preso do regime semiaberto possa sair para visitar a fam\u00edlia em algumas datas, um direito essencial para sua reeduca\u00e7\u00e3o\u201d, afirma o presidente nacional da OAB, Beto Simonetti,<\/p>\n<p>A nova legisla\u00e7\u00e3o, ao revogar dispositivos da Lei de Execu\u00e7\u00e3o Penal (Lei n\u00ba 7.210\/84), limita as sa\u00eddas tempor\u00e1rias apenas para frequ\u00eancia a cursos supletivos profissionalizantes ou de instru\u00e7\u00e3o do segundo grau ou superior, eliminando a possibilidade de visitas \u00e0 fam\u00edlia e participa\u00e7\u00e3o em atividades que facilitem o retorno ao conv\u00edvio social.<\/p>\n<p>O Conselho Federal da OAB solicita a concess\u00e3o de medida cautelar para suspender os efeitos dos artigos da nova lei que restringem as sa\u00eddas tempor\u00e1rias e defende o uso de tornozeleiras eletr\u00f4nicas como meio de monitoramento, conciliando a reintegra\u00e7\u00e3o social dos presos com a seguran\u00e7a p\u00fablica.<\/p>\n<p>Veja a a\u00e7\u00e3o protocolada\u00a0<a href=\"https:\/\/s.oab.org.br\/arquivos\/2024\/06\/bd5a3ecc-0bb8-43c4-a724-44b1d1c7aa1d.pdf\" target=\"_blank\" rel=\"noopener\">aqui<\/a>.<\/p>\n","protected":false},"excerpt":{"rendered":"<p>A Ordem dos Advogados do Brasil (OAB) protocolou no Supremo Tribunal Federal (STF) uma A\u00e7\u00e3o Direta de Inconstitucionalidade (ADI) contra a Lei n\u00ba 14.843\/24, que restringe as sa\u00eddas tempor\u00e1rias de presos. \u201cA OAB solicita ao STF que o preso do regime semiaberto possa sair para visitar a fam\u00edlia em algumas datas, um direito essencial para &hellip;<\/p>\n","protected":false},"author":1,"featured_media":119154,"comment_status":"open","ping_status":"open","sticky":false,"template":"","format":"standard","meta":{"footnotes":""},"categories":[9],"tags":[],"class_list":["post-122113","post","type-post","status-publish","format-standard","has-post-thumbnail","hentry","category-justica"],"_links":{"self":[{"href":"https:\/\/iparaiba.com.br\/index.php\/wp-json\/wp\/v2\/posts\/122113","targetHints":{"allow":["GET"]}}],"collection":[{"href":"https:\/\/iparaiba.com.br\/index.php\/wp-json\/wp\/v2\/posts"}],"about":[{"href":"https:\/\/iparaiba.com.br\/index.php\/wp-json\/wp\/v2\/types\/post"}],"author":[{"embeddable":true,"href":"https:\/\/iparaiba.com.br\/index.php\/wp-json\/wp\/v2\/users\/1"}],"replies":[{"embeddable":true,"href":"https:\/\/iparaiba.com.br\/index.php\/wp-json\/wp\/v2\/comments?post=122113"}],"version-history":[{"count":1,"href":"https:\/\/iparaiba.com.br\/index.php\/wp-json\/wp\/v2\/posts\/122113\/revisions"}],"predecessor-version":[{"id":122140,"href":"https:\/\/iparaiba.com.br\/index.php\/wp-json\/wp\/v2\/posts\/122113\/revisions\/122140"}],"wp:featuredmedia":[{"embeddable":true,"href":"https:\/\/iparaiba.com.br\/index.php\/wp-json\/wp\/v2\/media\/119154"}],"wp:attachment":[{"href":"https:\/\/iparaiba.com.br\/index.php\/wp-json\/wp\/v2\/media?parent=122113"}],"wp:term":[{"taxonomy":"category","embeddable":true,"href":"https:\/\/iparaiba.com.br\/index.php\/wp-json\/wp\/v2\/categories?post=122113"},{"taxonomy":"post_tag","embeddable":true,"href":"https:\/\/iparaiba.com.br\/index.php\/wp-json\/wp\/v2\/tags?post=122113"}],"curies":[{"name":"wp","href":"https:\/\/api.w.org\/{rel}","templated":true}]}}