{"id":122112,"date":"2024-06-10T11:02:45","date_gmt":"2024-06-10T14:02:45","guid":{"rendered":"https:\/\/onordeste.com.br\/?p=122098"},"modified":"2024-06-10T11:02:45","modified_gmt":"2024-06-10T14:02:45","slug":"alpb-debate-acesso-a-agua-na-regiao-do-cariri-durante-audiencia","status":"publish","type":"post","link":"https:\/\/iparaiba.com.br\/index.php\/2024\/06\/10\/alpb-debate-acesso-a-agua-na-regiao-do-cariri-durante-audiencia\/","title":{"rendered":"ALPB debate acesso \u00e0 \u00e1gua na regi\u00e3o do Cariri durante audi\u00eancia"},"content":{"rendered":"<p>A Assembleia Legislativa da Para\u00edba (ALPB) realizou, nesta audi\u00eancia p\u00fablica no munic\u00edpio de Sum\u00e9 para debater o acesso a \u00e1gua na regi\u00e3o do Cariri. O evento, proposto pelo deputado Dr. Romualdo, contou tamb\u00e9m com as presen\u00e7as do deputado George Morais, do ex-senador Efraim Morais, de prefeitos, vice-prefeitos e vereadores da regi\u00e3o.<\/p>\n<p>Durante a audi\u00eancia p\u00fablica, foi realizada uma palestra com a pesquisadora e professora da Universidade Federal da Para\u00edba (UFCG), Patr\u00edcia Cunha.<\/p>\n<p>A regi\u00e3o Cariri paraibano \u00e9 formada por 30 munic\u00edpios localizados na franja ocidental do planalto da Borborema, ocupando uma \u00e1rea de pouco mais de 20% do estado da Para\u00edba. De acordo com especialistas, o territ\u00f3rio compreende a \u201cdiagonal seca\u201d, onde se observam os menores \u00edndices de precipita\u00e7\u00e3o pluviom\u00e9trica do semi\u00e1rido brasileiro. O deputado Dr. Romualdo destacou que \u201ca \u00e1gua \u00e9 um bem essencial \u00e0 vida e deve ser vista e tratada como um bem precioso, pois tem valor inestim\u00e1vel e deve ser a qualquer custo, conservado e protegido\u201d.<\/p>\n<p>\u201cSou filho daqui, represento essa regi\u00e3o, que era a mais sens\u00edvel em \u00e1gua. A \u00e1gua chegou em 2017 com a transposi\u00e7\u00e3o. Hoje, ela passa pela regi\u00e3o mais seca do Brasil, por\u00e9m, n\u00e3o est\u00e1 sendo distribu\u00edda como quer\u00edamos. Essa \u00e1gua precisa ser distribu\u00edda para toda a sociedade. A zona urbana precisa para o consumo. Tem que ser constante. As adutoras passam em zonas rurais, mas n\u00e3o se tem acesso. Ent\u00e3o, o objetivo \u00e9 que as pessoas tenham acesso a essa \u00e1gua, para que essa \u00e1gua possa melhorar a qualidade de vida\u201d, disse o parlamentar.<\/p>\n<p>O parlamentar argumentou que a discuss\u00e3o proposta pela Assembleia Legislativa busca, acima de tudo, visa ouvir a popula\u00e7\u00e3o para que ela apresente suas demandas para que o poder p\u00fablico possa apresentar solu\u00e7\u00e3o, fruto da uni\u00e3o entre o poder p\u00fablico, moradores de \u00e1reas urbanas e da zona rural. \u201cEsta pauta busca sensibilizar os governantes, a Assembleia trabalha com esse objetivo para viabilizar projetos e tornar a \u00e1gua acess\u00edvel a todos\u201d, resumiu o parlamentar.<\/p>\n<p>Membro da Comiss\u00e3o de Desenvolvimento, Turismo e Meio Ambiente da ALPB, o deputado George Moraes destacou que a audi\u00eancia p\u00fablica, em Sum\u00e9, tem como foco principal resolver o problema de acesso \u00e0 \u00e1gua na regi\u00e3o do Cariri paraibano. Para ele, o problema \u00e9 grave e urgente. \u201cSem d\u00favida alguma uma das principais tem\u00e1ticas da regi\u00e3o \u00e9 o acesso \u00e0 \u00e1gua, para o abastecimento humano, animal, para a agricultura. Por isso, a gente veio aqui para cobrar, principalmente, mais investimentos, provid\u00eancias que sejam urgentes, necess\u00e1rias, porque a sede, ela n\u00e3o aguarda, ela n\u00e3o espera\u201d, alertou.<\/p>\n","protected":false},"excerpt":{"rendered":"<p>A Assembleia Legislativa da Para\u00edba (ALPB) realizou, nesta audi\u00eancia p\u00fablica no munic\u00edpio de Sum\u00e9 para debater o acesso a \u00e1gua na regi\u00e3o do Cariri. O evento, proposto pelo deputado Dr. Romualdo, contou tamb\u00e9m com as presen\u00e7as do deputado George Morais, do ex-senador Efraim Morais, de prefeitos, vice-prefeitos e vereadores da regi\u00e3o. Durante a audi\u00eancia p\u00fablica, &hellip;<\/p>\n","protected":false},"author":1,"featured_media":119004,"comment_status":"open","ping_status":"open","sticky":false,"template":"","format":"standard","meta":{"footnotes":""},"categories":[3],"tags":[],"class_list":["post-122112","post","type-post","status-publish","format-standard","has-post-thumbnail","hentry","category-nordeste"],"_links":{"self":[{"href":"https:\/\/iparaiba.com.br\/index.php\/wp-json\/wp\/v2\/posts\/122112","targetHints":{"allow":["GET"]}}],"collection":[{"href":"https:\/\/iparaiba.com.br\/index.php\/wp-json\/wp\/v2\/posts"}],"about":[{"href":"https:\/\/iparaiba.com.br\/index.php\/wp-json\/wp\/v2\/types\/post"}],"author":[{"embeddable":true,"href":"https:\/\/iparaiba.com.br\/index.php\/wp-json\/wp\/v2\/users\/1"}],"replies":[{"embeddable":true,"href":"https:\/\/iparaiba.com.br\/index.php\/wp-json\/wp\/v2\/comments?post=122112"}],"version-history":[{"count":1,"href":"https:\/\/iparaiba.com.br\/index.php\/wp-json\/wp\/v2\/posts\/122112\/revisions"}],"predecessor-version":[{"id":122139,"href":"https:\/\/iparaiba.com.br\/index.php\/wp-json\/wp\/v2\/posts\/122112\/revisions\/122139"}],"wp:featuredmedia":[{"embeddable":true,"href":"https:\/\/iparaiba.com.br\/index.php\/wp-json\/wp\/v2\/media\/119004"}],"wp:attachment":[{"href":"https:\/\/iparaiba.com.br\/index.php\/wp-json\/wp\/v2\/media?parent=122112"}],"wp:term":[{"taxonomy":"category","embeddable":true,"href":"https:\/\/iparaiba.com.br\/index.php\/wp-json\/wp\/v2\/categories?post=122112"},{"taxonomy":"post_tag","embeddable":true,"href":"https:\/\/iparaiba.com.br\/index.php\/wp-json\/wp\/v2\/tags?post=122112"}],"curies":[{"name":"wp","href":"https:\/\/api.w.org\/{rel}","templated":true}]}}