{"id":122092,"date":"2024-06-03T13:12:18","date_gmt":"2024-06-03T16:12:18","guid":{"rendered":"https:\/\/onordeste.com.br\/?p=122051"},"modified":"2024-06-03T13:12:18","modified_gmt":"2024-06-03T16:12:18","slug":"conselho-pleno-da-oab-aprova-adi-para-mudanca-na-composicao-do-tst","status":"publish","type":"post","link":"https:\/\/iparaiba.com.br\/index.php\/2024\/06\/03\/conselho-pleno-da-oab-aprova-adi-para-mudanca-na-composicao-do-tst\/","title":{"rendered":"Conselho Pleno da OAB aprova ADI para mudan\u00e7a na composi\u00e7\u00e3o do TST"},"content":{"rendered":"<p>O Conselho Pleno aprovou, nessa segunda-feira (27\/5), uma proposta de A\u00e7\u00e3o Direta de Inconstitucionalidade (ADI) que visa promover altera\u00e7\u00f5es na composi\u00e7\u00e3o do Tribunal Superior do Trabalho (TST). A iniciativa, que teve origem no Col\u00e9gio de Presidentes das Seccionais da OAB, visa possibilitar que todos os desembargadores trabalhistas, independentemente de sua origem, possam ascender ao TST. A proposta foi relatada pela conselheira federal Maria Eug\u00eania de Oliveira (RO).<\/p>\n<p>Atualmente, a Constitui\u00e7\u00e3o Federal prev\u00ea que apenas desembargadores do Tribunal Regional do Trabalho (TRT) oriundos da magistratura de carreira podem ser indicados para o TST. Esta restri\u00e7\u00e3o impede que desembargadores do quinto constitucional, oriundos da advocacia ou do Minist\u00e9rio P\u00fablico, possam ser promovidos ao TST.<\/p>\n<p>A conselheira defende que n\u00e3o houve uma inten\u00e7\u00e3o deliberada dos legisladores em vedar a ascens\u00e3o dos desembargadores do quinto constitucional ao TST. Ela sugere que o Conselho Federal da OAB proponha uma ADI para declarar parcialmente inconstitucional a express\u00e3o &#8220;oriundos da magistratura de carreira&#8221;, contida no artigo 111-A, inciso I, da Constitui\u00e7\u00e3o Federal.<\/p>\n<p>O voto da relatora argumenta que a atual diferencia\u00e7\u00e3o &#8220;viola o princ\u00edpio da igualdade, na medida em que diferencia indevidamente pessoas em situa\u00e7\u00f5es semelhantes&#8221;. Ela explicou, ainda, que a previs\u00e3o constitucional atual cria um obst\u00e1culo para o desenvolvimento dos objetivos do Estado Democr\u00e1tico de Direito. &#8220;Ao rev\u00e9s da realidade, essa previs\u00e3o constitucional limitada em sua literalidade pelo dispositivo criando categorias distintas de desembargadores: os carreiristas, que podem ser eventualmente indicados ao TST nas vagas destinadas aos TRTs; e os oriundos do quinto constitucional, que n\u00e3o podem subir para o TST.&#8221;<\/p>\n<p>Maria Eug\u00eania de Oliveira tamb\u00e9m ressaltou que, para o STJ, n\u00e3o h\u00e1 essa limita\u00e7\u00e3o de que os desembargadores do quinto constitucional ascendam ao tribunal.&#8221;Enquanto o TST, taxativamente, exige que os desembargadores sejam \u2018oriundos da magistratura de carreira\u2019, sendo que para o STJ n\u00e3o h\u00e1 qualquer limita\u00e7\u00e3o, de modo que podem ser tanto os desembargadores do quinto constitucional quanto aqueles de carreira&#8221;, disse em seu voto.<\/p>\n<div><\/div>\n","protected":false},"excerpt":{"rendered":"<p>O Conselho Pleno aprovou, nessa segunda-feira (27\/5), uma proposta de A\u00e7\u00e3o Direta de Inconstitucionalidade (ADI) que visa promover altera\u00e7\u00f5es na composi\u00e7\u00e3o do Tribunal Superior do Trabalho (TST). A iniciativa, que teve origem no Col\u00e9gio de Presidentes das Seccionais da OAB, visa possibilitar que todos os desembargadores trabalhistas, independentemente de sua origem, possam ascender ao TST. &hellip;<\/p>\n","protected":false},"author":1,"featured_media":98272,"comment_status":"open","ping_status":"open","sticky":false,"template":"","format":"standard","meta":{"footnotes":""},"categories":[9],"tags":[],"class_list":["post-122092","post","type-post","status-publish","format-standard","has-post-thumbnail","hentry","category-justica"],"_links":{"self":[{"href":"https:\/\/iparaiba.com.br\/index.php\/wp-json\/wp\/v2\/posts\/122092","targetHints":{"allow":["GET"]}}],"collection":[{"href":"https:\/\/iparaiba.com.br\/index.php\/wp-json\/wp\/v2\/posts"}],"about":[{"href":"https:\/\/iparaiba.com.br\/index.php\/wp-json\/wp\/v2\/types\/post"}],"author":[{"embeddable":true,"href":"https:\/\/iparaiba.com.br\/index.php\/wp-json\/wp\/v2\/users\/1"}],"replies":[{"embeddable":true,"href":"https:\/\/iparaiba.com.br\/index.php\/wp-json\/wp\/v2\/comments?post=122092"}],"version-history":[{"count":0,"href":"https:\/\/iparaiba.com.br\/index.php\/wp-json\/wp\/v2\/posts\/122092\/revisions"}],"wp:featuredmedia":[{"embeddable":true,"href":"https:\/\/iparaiba.com.br\/index.php\/wp-json\/wp\/v2\/media\/98272"}],"wp:attachment":[{"href":"https:\/\/iparaiba.com.br\/index.php\/wp-json\/wp\/v2\/media?parent=122092"}],"wp:term":[{"taxonomy":"category","embeddable":true,"href":"https:\/\/iparaiba.com.br\/index.php\/wp-json\/wp\/v2\/categories?post=122092"},{"taxonomy":"post_tag","embeddable":true,"href":"https:\/\/iparaiba.com.br\/index.php\/wp-json\/wp\/v2\/tags?post=122092"}],"curies":[{"name":"wp","href":"https:\/\/api.w.org\/{rel}","templated":true}]}}