{"id":122089,"date":"2024-06-03T13:08:06","date_gmt":"2024-06-03T16:08:06","guid":{"rendered":"https:\/\/onordeste.com.br\/?p=122045"},"modified":"2024-06-03T13:08:06","modified_gmt":"2024-06-03T16:08:06","slug":"ccj-acata-projeto-que-cria-programa-escola-sustentavel","status":"publish","type":"post","link":"https:\/\/iparaiba.com.br\/index.php\/2024\/06\/03\/ccj-acata-projeto-que-cria-programa-escola-sustentavel\/","title":{"rendered":"CCJ acata projeto que cria Programa Escola Sustent\u00e1vel"},"content":{"rendered":"<p>A Comiss\u00e3o de Constitui\u00e7\u00e3o, Justi\u00e7a, Reda\u00e7\u00e3o e Legisla\u00e7\u00e3o Participativa (CCJ) da C\u00e2mara Municipal de Jo\u00e3o Pessoa (CMJP) foi favor\u00e1vel, na reuni\u00e3o desta segunda-feira (3), \u00e0 implanta\u00e7\u00e3o do Programa Escola Sustent\u00e1vel. Ao todo, o colegiado acatou seis Projetos de Lei Ordin\u00e1ria (PLO) e dois Projetos de Decreto Legislativo (PDL). Ainda foram rejeitados quatro PLOs.<\/p>\n<p>O Projeto de Lei ordin\u00e1ria (PLO) , de autoria do vereador Zezinho Botafogo (PSB), acatado, institui o Programa Escola Sustent\u00e1vel no \u00e2mbito da Rede Municipal de Ensino de Jo\u00e3o Pessoa, com o objetivo de promover pr\u00e1ticas sustent\u00e1veis nas escolas municipais. S\u00e3o diretrizes do programa: incentivar a conscientiza\u00e7\u00e3o ambiental entre alunos, professores e demais membros da comunidade escolar; promover a\u00e7\u00f5es de sustentabilidade, como coleta seletiva, economia de \u00e1gua e energia, e o uso racional de recursos naturais; estimular a cria\u00e7\u00e3o de hortas e espa\u00e7os verdes nas escolas municipais; integrar a tem\u00e1tica ambiental ao curr\u00edculo escolar por meio de atividades interdisciplinares. Ainda fica estabelecido que a implementa\u00e7\u00e3o e a execu\u00e7\u00e3o do Programa ser\u00e3o realizadas em parceria com \u00f3rg\u00e3os e entidades ambientais, organiza\u00e7\u00f5es n\u00e3o governamentais e institui\u00e7\u00f5es de ensino superior.<\/p>\n<div><a href=\"https:\/\/sapl.joaopessoa.pb.leg.br\/materia\/pesquisar-materia?tipo=1&amp;ementa=&amp;numero=1922&amp;numeracao__numero_materia=&amp;numero_protocolo=&amp;ano=2024&amp;autoria__autor=&amp;autoria__primeiro_autor\" target=\"_blank\" rel=\"noopener\" data-saferedirecturl=\"https:\/\/www.google.com\/url?q=https:\/\/sapl.joaopessoa.pb.leg.br\/materia\/pesquisar-materia?tipo%3D1%26ementa%3D%26numero%3D1922%26numeracao__numero_materia%3D%26numero_protocolo%3D%26ano%3D2024%26autoria__autor%3D%26autoria__primeiro_autor&amp;source=gmail&amp;ust=1717516917888000&amp;usg=AOvVaw3y4t5mOaT5s7vOCqzTnYag\">1922\/2024<\/a><\/div>\n<p>Outros dois PLOs do vereador Zezinho foram acatados: o , com a implanta\u00e7\u00e3o da Pol\u00edtica Municipal de Conscientiza\u00e7\u00e3o sobre a Prote\u00e7\u00e3o Infantil, com o objetivo de sensibilizar a popula\u00e7\u00e3o acerca dos direitos e cuidados fundamentais das crian\u00e7as, sendo promovida por meio de a\u00e7\u00f5es de conscientiza\u00e7\u00e3o, campanhas educativas, eventos e programas que visem informar a popula\u00e7\u00e3o sobre a import\u00e2ncia da prote\u00e7\u00e3o infantil; e o , estabelecendo a Pol\u00edtica Municipal de Assist\u00eancia e Sa\u00fade Mental Feminina, com o objetivo de promover a\u00e7\u00f5es espec\u00edficas voltadas para a promo\u00e7\u00e3o, preven\u00e7\u00e3o, diagn\u00f3stico, tratamento e reabilita\u00e7\u00e3o da sa\u00fade mental das mulheres, de forma integrada e articulada com os demais servi\u00e7os de sa\u00fade do munic\u00edpio, observando as diretrizes estabelecidas pelo Sistema \u00danico de Sa\u00fade (SUS) e demais normativas pertinentes.<\/p>\n<div><a href=\"http:\/\/sapl.joaopessoa.pb.leg.br\/materia\/pesquisar-materia?tipo=1&amp;ementa=&amp;numero=1978&amp;numeracao__numero_materia=&amp;numero_protocolo=&amp;ano=2024&amp;autoria__autor=\" target=\"_blank\" rel=\"noopener\" data-saferedirecturl=\"https:\/\/www.google.com\/url?q=http:\/\/sapl.joaopessoa.pb.leg.br\/materia\/pesquisar-materia?tipo%3D1%26ementa%3D%26numero%3D1978%26numeracao__numero_materia%3D%26numero_protocolo%3D%26ano%3D2024%26autoria__autor%3D&amp;source=gmail&amp;ust=1717516917888000&amp;usg=AOvVaw2tAtduGB4feoMgHu0yOYeI\">1978\/2024<\/a><a href=\"https:\/\/sapl.joaopessoa.pb.leg.br\/materia\/pesquisar-materia?tipo=1&amp;ementa=&amp;numero=2055&amp;numeracao__numero_materia=&amp;numero_protocolo=&amp;ano=2024&amp;autoria__autor=&amp;autoria__primeiro_autor=unknown&amp;autoria__autor__tipo=&amp;autoria__autor__parlamentar_set__filiacao__pa\" target=\"_blank\" rel=\"noopener\" data-saferedirecturl=\"https:\/\/www.google.com\/url?q=https:\/\/sapl.joaopessoa.pb.leg.br\/materia\/pesquisar-materia?tipo%3D1%26ementa%3D%26numero%3D2055%26numeracao__numero_materia%3D%26numero_protocolo%3D%26ano%3D2024%26autoria__autor%3D%26autoria__primeiro_autor%3Dunknown%26autoria__autor__tipo%3D%26autoria__autor__parlamentar_set__filiacao__pa&amp;source=gmail&amp;ust=1717516917888000&amp;usg=AOvVaw1znvgwdhszcSwX6-fMkkyE\">2055\/2024<\/a><\/div>\n<p>&nbsp;<\/p>\n<p>Tamb\u00e9m foram acatados dois os projetos de autoria do presidente da CMJP, vereador Dinho (PSD): o PLO , reconhecendo como de utilidade p\u00fablica a Associa\u00e7\u00e3o de Combate ao C\u00e2ncer Vida e Esperan\u00e7a (Avesp); e o , denominando de Paulo Peregrino de Miranda Montenegro, rua, avenida ou equipamento p\u00fablico a ser constru\u00eddo na cidade e ainda sem denomina\u00e7\u00e3o.<\/p>\n<div><a href=\"https:\/\/sapl.joaopessoa.pb.leg.br\/materia\/pesquisar-materia?tipo=1&amp;ementa=&amp;numero=2061&amp;numeracao__numero_materia=&amp;numero_protocolo=&amp;ano=2024&amp;autoria__autor=&amp;autoria__primeiro_autor=unknown&amp;autoria__autor__tipo=&amp;autoria__autor__parlamentar_set__filiacao__pa\" target=\"_blank\" rel=\"noopener\" data-saferedirecturl=\"https:\/\/www.google.com\/url?q=https:\/\/sapl.joaopessoa.pb.leg.br\/materia\/pesquisar-materia?tipo%3D1%26ementa%3D%26numero%3D2061%26numeracao__numero_materia%3D%26numero_protocolo%3D%26ano%3D2024%26autoria__autor%3D%26autoria__primeiro_autor%3Dunknown%26autoria__autor__tipo%3D%26autoria__autor__parlamentar_set__filiacao__pa&amp;source=gmail&amp;ust=1717516917888000&amp;usg=AOvVaw2NtZcBfkta60uZ_svNdI3S\">2061\/2024<\/a><a href=\"https:\/\/sapl.joaopessoa.pb.leg.br\/materia\/pesquisar-materia?tipo=1&amp;ementa=&amp;numero=2068&amp;numeracao__numero_materia=&amp;numero_protocolo=&amp;ano=2024&amp;autoria__autor=&amp;autoria__primeiro_autor=unknown&amp;autoria__autor__tipo=&amp;autoria__autor__parlamentar_set__filiacao__pa\" target=\"_blank\" rel=\"noopener\" data-saferedirecturl=\"https:\/\/www.google.com\/url?q=https:\/\/sapl.joaopessoa.pb.leg.br\/materia\/pesquisar-materia?tipo%3D1%26ementa%3D%26numero%3D2068%26numeracao__numero_materia%3D%26numero_protocolo%3D%26ano%3D2024%26autoria__autor%3D%26autoria__primeiro_autor%3Dunknown%26autoria__autor__tipo%3D%26autoria__autor__parlamentar_set__filiacao__pa&amp;source=gmail&amp;ust=1717516917889000&amp;usg=AOvVaw012rVwtSx4HpVV-R3ySxGo\">2068\/2024<\/a><\/div>\n<p>&nbsp;<\/p>\n<p>Tamb\u00e9m recebeu parecer favor\u00e1vel PLO , do vereador Guga (PP), instituindo a Campanha Pet na Sombra, com o objetivo de conscientizar a popula\u00e7\u00e3o sobre os riscos do calor intenso para os pets, entendendo-se por pet o animal dom\u00e9stico criado e mantido por seres humanos, para companhia, lazer, trabalho e renda, de diversas esp\u00e9cies como c\u00e3es, gatos, aves, peixes, fur\u00f5es, hamsters, chinchilas, porquinhos-da-\u00edndia, tartarugas, lagartos, cobras e abelhas. A campanha incluir\u00e1 informa\u00e7\u00f5es sobre os riscos do calor intenso para pets, dicas para evitar a hipertermia e os sinais de que o pet est\u00e1 com calor, podendo ser desenvolvidas em parceria com organiza\u00e7\u00f5es da sociedade civil sem fins lucrativos e institui\u00e7\u00f5es de ensino.<\/p>\n<div><a href=\"https:\/\/sapl.joaopessoa.pb.leg.br\/materia\/pesquisar-materia?tipo=1&amp;ementa=&amp;numero=1855&amp;numeracao__numero_materia=&amp;numero_protocolo=&amp;ano=2023&amp;autoria__autor=&amp;autoria__primeiro_autor=unknown&amp;autoria__autor__tipo=&amp;autoria__autor__parlamentar_set__filiacao__pa\" target=\"_blank\" rel=\"noopener\" data-saferedirecturl=\"https:\/\/www.google.com\/url?q=https:\/\/sapl.joaopessoa.pb.leg.br\/materia\/pesquisar-materia?tipo%3D1%26ementa%3D%26numero%3D1855%26numeracao__numero_materia%3D%26numero_protocolo%3D%26ano%3D2023%26autoria__autor%3D%26autoria__primeiro_autor%3Dunknown%26autoria__autor__tipo%3D%26autoria__autor__parlamentar_set__filiacao__pa&amp;source=gmail&amp;ust=1717516917889000&amp;usg=AOvVaw1eojPf1FILNEsFNuHNZZA5\">1855\/2023<\/a><\/div>\n<p>&nbsp;<\/p>\n<p>Ainda foram acatados dois Projetos de Decreto Legislativo (PDL) de autoria da vereadora Eliza Virg\u00ednia (PP) concedendo o T\u00edtulo de Cidad\u00e3o Pessoense ao promotor de justi\u00e7a de Meio Ambiente Jos\u00e9 Farias de Souza Filho e \u00e0 bispa Simone Ximenes Ara\u00fajo pelos relevantes servi\u00e7os e a\u00e7\u00f5es prestadas \u00e0 cidade de Jo\u00e3o Pessoa.<\/p>\n<p>CMJP<\/p>\n","protected":false},"excerpt":{"rendered":"<p>A Comiss\u00e3o de Constitui\u00e7\u00e3o, Justi\u00e7a, Reda\u00e7\u00e3o e Legisla\u00e7\u00e3o Participativa (CCJ) da C\u00e2mara Municipal de Jo\u00e3o Pessoa (CMJP) foi favor\u00e1vel, na reuni\u00e3o desta segunda-feira (3), \u00e0 implanta\u00e7\u00e3o do Programa Escola Sustent\u00e1vel. Ao todo, o colegiado acatou seis Projetos de Lei Ordin\u00e1ria (PLO) e dois Projetos de Decreto Legislativo (PDL). Ainda foram rejeitados quatro PLOs. O Projeto &hellip;<\/p>\n","protected":false},"author":1,"featured_media":115224,"comment_status":"open","ping_status":"open","sticky":false,"template":"","format":"standard","meta":{"footnotes":""},"categories":[8],"tags":[],"class_list":["post-122089","post","type-post","status-publish","format-standard","has-post-thumbnail","hentry","category-politica"],"_links":{"self":[{"href":"https:\/\/iparaiba.com.br\/index.php\/wp-json\/wp\/v2\/posts\/122089","targetHints":{"allow":["GET"]}}],"collection":[{"href":"https:\/\/iparaiba.com.br\/index.php\/wp-json\/wp\/v2\/posts"}],"about":[{"href":"https:\/\/iparaiba.com.br\/index.php\/wp-json\/wp\/v2\/types\/post"}],"author":[{"embeddable":true,"href":"https:\/\/iparaiba.com.br\/index.php\/wp-json\/wp\/v2\/users\/1"}],"replies":[{"embeddable":true,"href":"https:\/\/iparaiba.com.br\/index.php\/wp-json\/wp\/v2\/comments?post=122089"}],"version-history":[{"count":0,"href":"https:\/\/iparaiba.com.br\/index.php\/wp-json\/wp\/v2\/posts\/122089\/revisions"}],"wp:featuredmedia":[{"embeddable":true,"href":"https:\/\/iparaiba.com.br\/index.php\/wp-json\/wp\/v2\/media\/115224"}],"wp:attachment":[{"href":"https:\/\/iparaiba.com.br\/index.php\/wp-json\/wp\/v2\/media?parent=122089"}],"wp:term":[{"taxonomy":"category","embeddable":true,"href":"https:\/\/iparaiba.com.br\/index.php\/wp-json\/wp\/v2\/categories?post=122089"},{"taxonomy":"post_tag","embeddable":true,"href":"https:\/\/iparaiba.com.br\/index.php\/wp-json\/wp\/v2\/tags?post=122089"}],"curies":[{"name":"wp","href":"https:\/\/api.w.org\/{rel}","templated":true}]}}