{"id":122084,"date":"2024-06-05T14:00:36","date_gmt":"2024-06-05T17:00:36","guid":{"rendered":"https:\/\/onordeste.com.br\/?p=122084"},"modified":"2024-06-05T14:00:36","modified_gmt":"2024-06-05T17:00:36","slug":"operadora-de-plano-de-saude-e-multada-em-r-80-mil-pelo-procon","status":"publish","type":"post","link":"https:\/\/iparaiba.com.br\/index.php\/2024\/06\/05\/operadora-de-plano-de-saude-e-multada-em-r-80-mil-pelo-procon\/","title":{"rendered":"Operadora de Plano de Sa\u00fade \u00e9 multada em R$ 80 mil pelo Procon"},"content":{"rendered":"<p>O Procon de Campina Grande multou uma operadora de plano de sa\u00fade, com sede no bairro Lauritzen, em R$ 80 mil por reincidir, unilateralmente, o contrato de presta\u00e7\u00e3o de servi\u00e7o a um consumidor idoso aposentado. A rescis\u00e3o contratual foi considerada indevida e abusiva pelo Procon-CG, tendo em vista que colocou em risco de vida o consumidor e seus dependentes, que possuem comorbidades, ao deix\u00e1-los sem cobertura m\u00e9dica essencial. No entanto, a operadora ainda pode apresentar recurso.<\/p>\n<p>Segundo o coordenador do Procon-CG, Waldeny Santana, o consumidor que registrou reclama\u00e7\u00e3o, junto ao \u00f3rg\u00e3o, sofre de diabetes tipo 2, hipertens\u00e3o arterial e sequelas de osteomielite. Era usu\u00e1rio do plano de sa\u00fade h\u00e1 17 anos, junto com dois dependentes: a esposa e um neto, que tamb\u00e9m sofrem s\u00e9rios problemas de sa\u00fade. A esposa apresenta artrose grave nos joelhos, sarcopenia e \u00e9 paciente bari\u00e1trica. J\u00e1 o neto tem Transtorno do Espectro Autista (TEA). Todos necessitando de tratamento e assist\u00eancia m\u00e9dica cont\u00ednua.<\/p>\n<p>Apesar do estado de vulnerabilidade social do consumidor e seus dependentes, que eram usu\u00e1rios do plano de sa\u00fade h\u00e1 17 anos, a operadora de plano de sa\u00fade argumentou que a rescis\u00e3o estava em conformidade com as normas da Ag\u00eancia Nacional de Sa\u00fade Suplementar (ANS) e que n\u00e3o era obrigada a manter as mesmas condi\u00e7\u00f5es (benef\u00edcios) garantidos no contrato anterior.<\/p>\n<p>Com isso, o Procon de Campina Grande concluiu que a rescis\u00e3o unilateral do contrato pela operadora foi feita de forma inadequada, sem oferecer alternativas para que os benefici\u00e1rios contratassem um novo plano com as mesmas condi\u00e7\u00f5es. \u201cEssa rescis\u00e3o traz a discuss\u00e3o sobre a vulnerabilidade dos consumidores e a responsabilidade das operadoras de planos de sa\u00fade\u201d, destacou Walden\u00fd Santana.<\/p>\n","protected":false},"excerpt":{"rendered":"<p>O Procon de Campina Grande multou uma operadora de plano de sa\u00fade, com sede no bairro Lauritzen, em R$ 80 mil por reincidir, unilateralmente, o contrato de presta\u00e7\u00e3o de servi\u00e7o a um consumidor idoso aposentado. A rescis\u00e3o contratual foi considerada indevida e abusiva pelo Procon-CG, tendo em vista que colocou em risco de vida o &hellip;<\/p>\n","protected":false},"author":1,"featured_media":115390,"comment_status":"open","ping_status":"open","sticky":false,"template":"","format":"standard","meta":{"footnotes":""},"categories":[7],"tags":[],"class_list":["post-122084","post","type-post","status-publish","format-standard","has-post-thumbnail","hentry","category-diversas"],"_links":{"self":[{"href":"https:\/\/iparaiba.com.br\/index.php\/wp-json\/wp\/v2\/posts\/122084","targetHints":{"allow":["GET"]}}],"collection":[{"href":"https:\/\/iparaiba.com.br\/index.php\/wp-json\/wp\/v2\/posts"}],"about":[{"href":"https:\/\/iparaiba.com.br\/index.php\/wp-json\/wp\/v2\/types\/post"}],"author":[{"embeddable":true,"href":"https:\/\/iparaiba.com.br\/index.php\/wp-json\/wp\/v2\/users\/1"}],"replies":[{"embeddable":true,"href":"https:\/\/iparaiba.com.br\/index.php\/wp-json\/wp\/v2\/comments?post=122084"}],"version-history":[{"count":1,"href":"https:\/\/iparaiba.com.br\/index.php\/wp-json\/wp\/v2\/posts\/122084\/revisions"}],"predecessor-version":[{"id":122108,"href":"https:\/\/iparaiba.com.br\/index.php\/wp-json\/wp\/v2\/posts\/122084\/revisions\/122108"}],"wp:featuredmedia":[{"embeddable":true,"href":"https:\/\/iparaiba.com.br\/index.php\/wp-json\/wp\/v2\/media\/115390"}],"wp:attachment":[{"href":"https:\/\/iparaiba.com.br\/index.php\/wp-json\/wp\/v2\/media?parent=122084"}],"wp:term":[{"taxonomy":"category","embeddable":true,"href":"https:\/\/iparaiba.com.br\/index.php\/wp-json\/wp\/v2\/categories?post=122084"},{"taxonomy":"post_tag","embeddable":true,"href":"https:\/\/iparaiba.com.br\/index.php\/wp-json\/wp\/v2\/tags?post=122084"}],"curies":[{"name":"wp","href":"https:\/\/api.w.org\/{rel}","templated":true}]}}