{"id":122082,"date":"2024-06-05T12:08:12","date_gmt":"2024-06-05T15:08:12","guid":{"rendered":"https:\/\/onordeste.com.br\/?p=122082"},"modified":"2024-06-05T12:08:12","modified_gmt":"2024-06-05T15:08:12","slug":"mais-de-400-profissionais-da-saude-atuam-no-o-maior-sao-joao-do-mundo","status":"publish","type":"post","link":"https:\/\/iparaiba.com.br\/index.php\/2024\/06\/05\/mais-de-400-profissionais-da-saude-atuam-no-o-maior-sao-joao-do-mundo\/","title":{"rendered":"Mais de 400 profissionais da Sa\u00fade atuam no O Maior S\u00e3o Jo\u00e3o do Mundo"},"content":{"rendered":"<p>O Maior S\u00e3o Jo\u00e3o do Mundo come\u00e7ou e a Secretaria Municipal de Sa\u00fade de Campina Grande mobilizou mais de 400 profissionais para atuarem no evento, nas a\u00e7\u00f5es de pronto-socorro, assist\u00eancia m\u00e9dica, bem como atividades de fiscaliza\u00e7\u00e3o e tarefas educativas durante as festividades.<\/p>\n<p>No Parque do Povo, um pronto-socorro foi montado com 15 leitos, poltronas para pacientes em observa\u00e7\u00e3o e macas com equipes volantes que ficam circulando pelo espa\u00e7o. O posto de sa\u00fade fica na frente da Pir\u00e2mide Jackson do Pandeiro e conta com enfermeiros, m\u00e9dicos e t\u00e9cnicos de enfermagem e equipamento como desfibriladores e estrutura de ala vermelha para casos graves. A unidade vai funcionar durante todas as noites a partir das 19h.<\/p>\n<p>Ao lado do pronto-socorro, duas ambul\u00e2ncias ficar\u00e3o de prontid\u00e3o para realizar a remo\u00e7\u00e3o de pacientes para os hospitais, caso haja necessidade. Al\u00e9m disso, as ambul\u00e2ncias do Servi\u00e7o de Atendimento M\u00f3vel de Urg\u00eancia (Samu 192 \u2013 Regional Campina Grande) v\u00e3o ficar mobilizadas para caso sejam acionadas, fazendo um fluxo de trajeto diferenciado para chegar ao local, j\u00e1 que a base do Samu fica no entorno do Parque do Povo.<\/p>\n<p><strong>Rede hospitalar<\/strong><\/p>\n<p>A estrutura hospitalar de suporte foi preparada nos hospitais municipais Pedro I e Dr. Edgley, Hospital da Crian\u00e7a e do Adolescente, Instituto de Sa\u00fade Elp\u00eddio de Almeida e nas duas Unidades de Pronto Atendimento (UPAs). \u201cA Sa\u00fade de Campina Grande est\u00e1 pronta e preparada para O Maior S\u00e3o Jo\u00e3o do Mundo\u201d, disse o secret\u00e1rio de Sa\u00fade, Carlos Dunga J\u00fanior.<\/p>\n<p>Associado \u00e0 estrutura de socorro m\u00e9dico, tamb\u00e9m estar\u00e3o presentes a\u00e7\u00f5es de fiscaliza\u00e7\u00e3o e educa\u00e7\u00e3o em sa\u00fade. Na r\u00e9plica do Tel\u00e9grafo est\u00e1 montada a estrutura da Ger\u00eancia de Vigil\u00e2ncia Sanit\u00e1ria, que vai orientar comerciantes e consumidores e fiscalizar a comercializa\u00e7\u00e3o de produtos na festa. A Gevisa tamb\u00e9m vai promover uma campanha sobre a proibi\u00e7\u00e3o de comercializa\u00e7\u00e3o de cigarros eletr\u00f4nicos.<\/p>\n<p>No mesmo espa\u00e7o, fica instalado tamb\u00e9m o Centro de Informa\u00e7\u00f5es Estrat\u00e9gicas de Vigil\u00e2ncia em Sa\u00fade (CIEVS), \u00f3rg\u00e3o municipal interligado ao sistema internacional de monitoramento de situa\u00e7\u00f5es de sa\u00fade p\u00fablica. O CIEVS-CG vai atuar de forma educativa, preventiva e preditiva, gerando relat\u00f3rios, mitigando rumores e identificando vulnerabilidades em sa\u00fade coletiva.<\/p>\n<p><strong>Vigil\u00e2ncia Ambiental, campanhas e vacina\u00e7\u00e3o<\/strong><\/p>\n<p>A Vigil\u00e2ncia Ambiental tamb\u00e9m est\u00e1 atuando no combate ao mosquito Aedes aegypti e outros arbov\u00edrus, inclusive, com inspe\u00e7\u00e3o do Parque do Povo e de estabelecimentos como hot\u00e9is e restaurantes.<\/p>\n<p>O Centro Municipal de Infectologia Silvestre Maia vai atuar no Parque do Povo distribuindo preservativos e orientando sobre o uso de dispositivos de pr\u00e9-exposi\u00e7\u00e3o e p\u00f3s-exposi\u00e7\u00e3o para pessoas vivendo com HIV\/Aids. A campanha de conscientiza\u00e7\u00e3o busca evitar as Infec\u00e7\u00f5es Sexualmente Transmiss\u00edveis. Tamb\u00e9m haver\u00e1 a campanha municipal de preven\u00e7\u00e3o \u00e0 gravidez na adolesc\u00eancia, bem como o apoio \u00e0 campanha de combate ao trabalho infantil e \u00e0 explora\u00e7\u00e3o sexual infantil.<\/p>\n<p>A campanha Forr\u00f3 de Z\u00e9 Gotinha tamb\u00e9m vai levar vacina durante dias espec\u00edficos a diversos locais da festa, como Parque do Povo, Vila do Artes\u00e3o e Vila S\u00edtio S\u00e3o Jo\u00e3o.<\/p>\n<p>No distrito de Galante, um pronto-socorro foi estruturado em uma escola p\u00fablica pr\u00f3ximo ao palco principal e ambul\u00e2ncias ficam de prontid\u00e3o em pontos estrat\u00e9gicos do distrito. Em S\u00e3o Jos\u00e9 da Mata e em Catol\u00e9 de Boa Vista, ambul\u00e2ncias com equipes m\u00e9dicas tamb\u00e9m v\u00e3o prestar assist\u00eancia nas noites de festa.<\/p>\n<p>Codecom<\/p>\n","protected":false},"excerpt":{"rendered":"<p>O Maior S\u00e3o Jo\u00e3o do Mundo come\u00e7ou e a Secretaria Municipal de Sa\u00fade de Campina Grande mobilizou mais de 400 profissionais para atuarem no evento, nas a\u00e7\u00f5es de pronto-socorro, assist\u00eancia m\u00e9dica, bem como atividades de fiscaliza\u00e7\u00e3o e tarefas educativas durante as festividades. No Parque do Povo, um pronto-socorro foi montado com 15 leitos, poltronas para &hellip;<\/p>\n","protected":false},"author":1,"featured_media":102458,"comment_status":"open","ping_status":"open","sticky":false,"template":"","format":"standard","meta":{"footnotes":""},"categories":[4],"tags":[],"class_list":["post-122082","post","type-post","status-publish","format-standard","has-post-thumbnail","hentry","category-cultura"],"_links":{"self":[{"href":"https:\/\/iparaiba.com.br\/index.php\/wp-json\/wp\/v2\/posts\/122082","targetHints":{"allow":["GET"]}}],"collection":[{"href":"https:\/\/iparaiba.com.br\/index.php\/wp-json\/wp\/v2\/posts"}],"about":[{"href":"https:\/\/iparaiba.com.br\/index.php\/wp-json\/wp\/v2\/types\/post"}],"author":[{"embeddable":true,"href":"https:\/\/iparaiba.com.br\/index.php\/wp-json\/wp\/v2\/users\/1"}],"replies":[{"embeddable":true,"href":"https:\/\/iparaiba.com.br\/index.php\/wp-json\/wp\/v2\/comments?post=122082"}],"version-history":[{"count":1,"href":"https:\/\/iparaiba.com.br\/index.php\/wp-json\/wp\/v2\/posts\/122082\/revisions"}],"predecessor-version":[{"id":122107,"href":"https:\/\/iparaiba.com.br\/index.php\/wp-json\/wp\/v2\/posts\/122082\/revisions\/122107"}],"wp:featuredmedia":[{"embeddable":true,"href":"https:\/\/iparaiba.com.br\/index.php\/wp-json\/wp\/v2\/media\/102458"}],"wp:attachment":[{"href":"https:\/\/iparaiba.com.br\/index.php\/wp-json\/wp\/v2\/media?parent=122082"}],"wp:term":[{"taxonomy":"category","embeddable":true,"href":"https:\/\/iparaiba.com.br\/index.php\/wp-json\/wp\/v2\/categories?post=122082"},{"taxonomy":"post_tag","embeddable":true,"href":"https:\/\/iparaiba.com.br\/index.php\/wp-json\/wp\/v2\/tags?post=122082"}],"curies":[{"name":"wp","href":"https:\/\/api.w.org\/{rel}","templated":true}]}}