{"id":122074,"date":"2024-06-04T18:29:18","date_gmt":"2024-06-04T21:29:18","guid":{"rendered":"https:\/\/onordeste.com.br\/?p=122074"},"modified":"2024-06-04T18:29:18","modified_gmt":"2024-06-04T21:29:18","slug":"paraiba-atinge-meta-e-indice-de-criancas-alfabetizadas-na-idade-certa","status":"publish","type":"post","link":"https:\/\/iparaiba.com.br\/index.php\/2024\/06\/04\/paraiba-atinge-meta-e-indice-de-criancas-alfabetizadas-na-idade-certa\/","title":{"rendered":"Para\u00edba atinge meta e \u00edndice de crian\u00e7as alfabetizadas na idade certa"},"content":{"rendered":"<p>Em 2023, 51% das crian\u00e7as paraibanas\u00a0da rede p\u00fablica de ensino\u00a0alcan\u00e7aram o patamar de alfabetiza\u00e7\u00e3o definido pelo\u00a0Instituto Nacional de Estudos e Pesquisas Educacionais An\u00edsio Teixeira (Inep)\u00a0para o\u00a02\u00ba\u00a0ano do ensino fundamental. O resultado aponta um aumento de 6 pontos percentuais em rela\u00e7\u00e3o ao ano de 2019 \u2013 antes da pandemia \u2013, quando, segundo o levantamento, o Estado apresentou um \u00edndice de 45% de crian\u00e7as alfabetizadas na idade certa.<\/p>\n<p>Os dados foram apresentados no 1\u00ba Relat\u00f3rio de\u00a0Resultados do Indicador Crian\u00e7a Alfabetizada, divulgado nesta ter\u00e7a-feira\u00a0(28) pelo ministro da Educa\u00e7\u00e3o, Camilo Santana, em reuni\u00e3o com o presidente da Rep\u00fablica,\u00a0Luiz In\u00e1cio Lula da Silva,\u00a0e\u00a0com\u00a0governadores no Pal\u00e1cio do Planalto, em Bras\u00edlia.<\/p>\n<p>Com o resultado apresentado neste relat\u00f3rio de 2023 o \u00edndice nacional recuperou o desempenho de antes da pandemia quando atingiu 55% das crian\u00e7as alfabetizadas em 2019. Em 2023 ficou em 56%. \u201cTodos os estados, sem exce\u00e7\u00e3o melhoraram de 2021 para 2023. \u00c9 importante a gente comemorar, mas estamos muito longe do ideal. N\u00e3o queremos s\u00f3 metade, queremos 100% das crian\u00e7as alfabetizadas na idade certa\u201d, afirmou Camilo Santana.<\/p>\n","protected":false},"excerpt":{"rendered":"<p>Em 2023, 51% das crian\u00e7as paraibanas\u00a0da rede p\u00fablica de ensino\u00a0alcan\u00e7aram o patamar de alfabetiza\u00e7\u00e3o definido pelo\u00a0Instituto Nacional de Estudos e Pesquisas Educacionais An\u00edsio Teixeira (Inep)\u00a0para o\u00a02\u00ba\u00a0ano do ensino fundamental. O resultado aponta um aumento de 6 pontos percentuais em rela\u00e7\u00e3o ao ano de 2019 \u2013 antes da pandemia \u2013, quando, segundo o levantamento, o Estado &hellip;<\/p>\n","protected":false},"author":1,"featured_media":98423,"comment_status":"open","ping_status":"open","sticky":false,"template":"","format":"standard","meta":{"footnotes":""},"categories":[11],"tags":[],"class_list":["post-122074","post","type-post","status-publish","format-standard","has-post-thumbnail","hentry","category-educacao"],"_links":{"self":[{"href":"https:\/\/iparaiba.com.br\/index.php\/wp-json\/wp\/v2\/posts\/122074","targetHints":{"allow":["GET"]}}],"collection":[{"href":"https:\/\/iparaiba.com.br\/index.php\/wp-json\/wp\/v2\/posts"}],"about":[{"href":"https:\/\/iparaiba.com.br\/index.php\/wp-json\/wp\/v2\/types\/post"}],"author":[{"embeddable":true,"href":"https:\/\/iparaiba.com.br\/index.php\/wp-json\/wp\/v2\/users\/1"}],"replies":[{"embeddable":true,"href":"https:\/\/iparaiba.com.br\/index.php\/wp-json\/wp\/v2\/comments?post=122074"}],"version-history":[{"count":1,"href":"https:\/\/iparaiba.com.br\/index.php\/wp-json\/wp\/v2\/posts\/122074\/revisions"}],"predecessor-version":[{"id":122103,"href":"https:\/\/iparaiba.com.br\/index.php\/wp-json\/wp\/v2\/posts\/122074\/revisions\/122103"}],"wp:featuredmedia":[{"embeddable":true,"href":"https:\/\/iparaiba.com.br\/index.php\/wp-json\/wp\/v2\/media\/98423"}],"wp:attachment":[{"href":"https:\/\/iparaiba.com.br\/index.php\/wp-json\/wp\/v2\/media?parent=122074"}],"wp:term":[{"taxonomy":"category","embeddable":true,"href":"https:\/\/iparaiba.com.br\/index.php\/wp-json\/wp\/v2\/categories?post=122074"},{"taxonomy":"post_tag","embeddable":true,"href":"https:\/\/iparaiba.com.br\/index.php\/wp-json\/wp\/v2\/tags?post=122074"}],"curies":[{"name":"wp","href":"https:\/\/api.w.org\/{rel}","templated":true}]}}