{"id":122072,"date":"2024-06-04T16:00:10","date_gmt":"2024-06-04T19:00:10","guid":{"rendered":"https:\/\/onordeste.com.br\/?p=122072"},"modified":"2024-06-04T16:00:10","modified_gmt":"2024-06-04T19:00:10","slug":"eventos-sobre-gestao-das-aguas-discutem-variabilidade-climatica-e-seguranca-hidrica","status":"publish","type":"post","link":"https:\/\/iparaiba.com.br\/index.php\/2024\/06\/04\/eventos-sobre-gestao-das-aguas-discutem-variabilidade-climatica-e-seguranca-hidrica\/","title":{"rendered":"Eventos sobre gest\u00e3o das \u00e1guas discutem variabilidade clim\u00e1tica e seguran\u00e7a h\u00eddrica"},"content":{"rendered":"<p>A variabilidade clim\u00e1tica esteve no centro do debate no 1\u00ba Encontro Regional de Comit\u00eas de Bacias Hidrogr\u00e1ficas \u2013 Nordeste e no 2\u00ba Simp\u00f3sio Paraibano de Recursos H\u00eddricos realizados em Jo\u00e3o Pessoa.<br \/>\nO monitoramento dessas mudan\u00e7as na Para\u00edba \u00e9 feito com 96 plataformas agrometeorol\u00f3gicas operadas pela Ag\u00eancia Executiva de Gest\u00e3o das \u00c1guas (Aesa).<\/p>\n<p>Os eventos, que pretendem aprofundar o conhecimento sobre a gest\u00e3o das \u00e1guas em diversas regi\u00f5es do Pa\u00eds, s\u00e3o realizados pelo Governo da Para\u00edba, por meio da Aesa, em parceria com o F\u00f3rum Nacional de Comit\u00eas de Bacias Hidrogr\u00e1ficas do Brasil (FNCBH), at\u00e9 esta quarta-feira (29), no audit\u00f3rio do Aram Beach &amp; Convention, em Tamba\u00fa.<\/p>\n<p>De acordo com o gerente de Monitoramento e Hidrometria da Aesa, Alexandre Medeiros, o Governo do Estado investiu R$ 7 milh\u00f5es no sistema de monitoramento e em melhorias na Sala de Situa\u00e7\u00e3o (local onde os dados s\u00e3o analisados).<\/p>\n<p>\u201cAmpliamos a nossa rede de monitoramento voltada para a zona rural e nos tornamos pioneiros na instala\u00e7\u00e3o de uma rede voltada para o clima urbano. Os principais munic\u00edpios da Para\u00edba t\u00eam plataformas na entrada, na sa\u00edda e no centro da cidade. Com essa rede, conseguimos agregar muitos dados para estudos cient\u00edficos, que nos ajudam a entender as mudan\u00e7as clim\u00e1ticas\u201d, explicou.<\/p>\n<p>O debate sobre Variabilidade Clim\u00e1tica foi conduzido pelo coordenador de Mudan\u00e7as Clim\u00e1tica da Ag\u00eancia Nacional das \u00c1guas (ANA), Saulo Aires de Souza, que apresentou dois estudos: Variabilidade clim\u00e1tica na Am\u00e9rica Latina e O impacto da variabilidade clim\u00e1tica na disponibilidade h\u00eddrica. \u201cComo n\u00f3s n\u00e3o conseguimos prever todas as mudan\u00e7as do clima, \u00e9 importante ter o acompanhamento das varia\u00e7\u00f5es. Por isso, instrumentos como o Monitor das Secas e a Sala de Situa\u00e7\u00e3o s\u00e3o indispens\u00e1veis\u201d, alertou.<\/p>\n<p>Na sequ\u00eancia, foram realizadas a palestra Marco Regulat\u00f3rio do Saneamento B\u00e1sico, pelo diretor-presidente da Cagepa, Marcos Vin\u00edcius Neves, e a mesa-redonda Aloca\u00e7\u00e3o de \u00c1gua Negociada. Esse debate foi coordenado pelo representante da Ag\u00eancia Nacional das \u00c1guas (ANA), Jos\u00e9 Marcos Neves, e contou com a participa\u00e7\u00e3o do diretor do Instituto de Gest\u00e3o das \u00c1guas do Rio Grande do Norte (Igarn), Jos\u00e9 Proc\u00f3pio e do presidente da Companhia de Gest\u00e3o dos Recursos H\u00eddricos do Cear\u00e1, Yuri Castro de Oliveira.<\/p>\n<p>\u00c1guas do Nordeste: governan\u00e7a, adapta\u00e7\u00e3o e desenvolvimento. Esse foi tema de abertura da programa\u00e7\u00e3o da tarde dessa ter\u00e7a-feira. A mesa-redonda contou com a participa\u00e7\u00e3o da diretora da Ag\u00eancia Pernambucana de \u00c1guas e Clima, Suzana Montenegro; do superintendente de Regula\u00e7\u00e3o e Sistema de Gerenciamento da ANA, Humberto Cardoso Neto e foi presidida pelo secret\u00e1rio de Meio Ambiente e dos Recursos H\u00eddricos do Rio Grande do Norte, Paulo Lopes Varella.<\/p>\n<p>\u201cTodo debate desse evento pode ser resumido numa express\u00e3o: seguran\u00e7a h\u00eddrica. \u00c9 disso que se trata. Por isso temos que encontrar caminhos para que a \u00e1gua chegue para todos. \u00c9 preciso que al\u00e9m da disponibilidade h\u00eddrica, tenhamos infraestrutura, gest\u00e3o dos recursos e investimentos recorrentes\u201d, sintetizou Varella.<\/p>\n<p>Al\u00e9m das palestras e mesas-redondas, 40 trabalhos cient\u00edficos foram apresentados no 2\u00ba Simp\u00f3sio Paraibano de Recursos H\u00eddricos. Durante as apresenta\u00e7\u00f5es, os estudos foram analisados por uma comiss\u00e3o avaliadora composta por uma equipe da Aesa. Juntos, simp\u00f3sio e encontro t\u00eam mais 600 inscritos.<\/p>\n","protected":false},"excerpt":{"rendered":"<p>A variabilidade clim\u00e1tica esteve no centro do debate no 1\u00ba Encontro Regional de Comit\u00eas de Bacias Hidrogr\u00e1ficas \u2013 Nordeste e no 2\u00ba Simp\u00f3sio Paraibano de Recursos H\u00eddricos realizados em Jo\u00e3o Pessoa. O monitoramento dessas mudan\u00e7as na Para\u00edba \u00e9 feito com 96 plataformas agrometeorol\u00f3gicas operadas pela Ag\u00eancia Executiva de Gest\u00e3o das \u00c1guas (Aesa). Os eventos, que &hellip;<\/p>\n","protected":false},"author":1,"featured_media":101563,"comment_status":"open","ping_status":"open","sticky":false,"template":"","format":"standard","meta":{"footnotes":""},"categories":[3],"tags":[],"class_list":["post-122072","post","type-post","status-publish","format-standard","has-post-thumbnail","hentry","category-nordeste"],"_links":{"self":[{"href":"https:\/\/iparaiba.com.br\/index.php\/wp-json\/wp\/v2\/posts\/122072","targetHints":{"allow":["GET"]}}],"collection":[{"href":"https:\/\/iparaiba.com.br\/index.php\/wp-json\/wp\/v2\/posts"}],"about":[{"href":"https:\/\/iparaiba.com.br\/index.php\/wp-json\/wp\/v2\/types\/post"}],"author":[{"embeddable":true,"href":"https:\/\/iparaiba.com.br\/index.php\/wp-json\/wp\/v2\/users\/1"}],"replies":[{"embeddable":true,"href":"https:\/\/iparaiba.com.br\/index.php\/wp-json\/wp\/v2\/comments?post=122072"}],"version-history":[{"count":1,"href":"https:\/\/iparaiba.com.br\/index.php\/wp-json\/wp\/v2\/posts\/122072\/revisions"}],"predecessor-version":[{"id":122102,"href":"https:\/\/iparaiba.com.br\/index.php\/wp-json\/wp\/v2\/posts\/122072\/revisions\/122102"}],"wp:featuredmedia":[{"embeddable":true,"href":"https:\/\/iparaiba.com.br\/index.php\/wp-json\/wp\/v2\/media\/101563"}],"wp:attachment":[{"href":"https:\/\/iparaiba.com.br\/index.php\/wp-json\/wp\/v2\/media?parent=122072"}],"wp:term":[{"taxonomy":"category","embeddable":true,"href":"https:\/\/iparaiba.com.br\/index.php\/wp-json\/wp\/v2\/categories?post=122072"},{"taxonomy":"post_tag","embeddable":true,"href":"https:\/\/iparaiba.com.br\/index.php\/wp-json\/wp\/v2\/tags?post=122072"}],"curies":[{"name":"wp","href":"https:\/\/api.w.org\/{rel}","templated":true}]}}