{"id":122071,"date":"2024-06-04T14:00:45","date_gmt":"2024-06-04T17:00:45","guid":{"rendered":"https:\/\/onordeste.com.br\/?p=122070"},"modified":"2024-06-04T14:00:45","modified_gmt":"2024-06-04T17:00:45","slug":"boletim-epidemiologico-alerta-para-aumento-de-casos-por-virus-respiratorios","status":"publish","type":"post","link":"https:\/\/iparaiba.com.br\/index.php\/2024\/06\/04\/boletim-epidemiologico-alerta-para-aumento-de-casos-por-virus-respiratorios\/","title":{"rendered":"Boletim Epidemiol\u00f3gico alerta para aumento de casos por v\u00edrus respirat\u00f3rios"},"content":{"rendered":"<p>A Secretaria de Estado da Sa\u00fade (SES) divulgou o Boletim Epidemiol\u00f3gico de V\u00edrus Respirat\u00f3rios com dados atualizados at\u00e9 27 de maio. A publica\u00e7\u00e3o mostra que a Para\u00edba registrou 1.894 casos de S\u00edndrome Respirat\u00f3ria Aguda Grave (SRAG), havendo um aumento de 17%\u00a0 nas notifica\u00e7\u00f5es quando comparado com o mesmo per\u00edodo do ano passado. O \u00f3rg\u00e3o refor\u00e7a a necessidade dos cuidados de rotina, bem como a import\u00e2ncia da vacina\u00e7\u00e3o, sendo uma maneira eficaz para evitar agravamento dos casos e \u00f3bitos.<\/p>\n<p>De acordo com o boletim, foram realizados 832 exames de RT-PCR para os casos de SRAG no Estado, havendo uma maior predomin\u00e2ncia do v\u00edrus Influenza A na faixa et\u00e1ria menor de 5 anos com 29,36%. Para o V\u00edrus Sincicial Respirat\u00f3rio, o registro de maior incid\u00eancia se deu em menores de 1 ano com 73,90%, e para Rinov\u00edrus predominou o grupo menor de 5 anos com 68,21%.<\/p>\n<p>A chefe do N\u00facleo de Doen\u00e7as Transmiss\u00edveis Agudas (NDTA) da SES, Fernanda Vieira, destaca que, historicamente, \u00e9 comum o acometimento de doen\u00e7as respirat\u00f3rias durante o per\u00edodo chuvoso, e que para diminuir a circula\u00e7\u00e3o dos v\u00edrus \u00e9 importante estar com a caderneta vacinal atualizada, especialmente os grupos mais vulner\u00e1veis.<\/p>\n","protected":false},"excerpt":{"rendered":"<p>A Secretaria de Estado da Sa\u00fade (SES) divulgou o Boletim Epidemiol\u00f3gico de V\u00edrus Respirat\u00f3rios com dados atualizados at\u00e9 27 de maio. A publica\u00e7\u00e3o mostra que a Para\u00edba registrou 1.894 casos de S\u00edndrome Respirat\u00f3ria Aguda Grave (SRAG), havendo um aumento de 17%\u00a0 nas notifica\u00e7\u00f5es quando comparado com o mesmo per\u00edodo do ano passado. O \u00f3rg\u00e3o refor\u00e7a &hellip;<\/p>\n","protected":false},"author":1,"featured_media":111016,"comment_status":"open","ping_status":"open","sticky":false,"template":"","format":"standard","meta":{"footnotes":""},"categories":[2],"tags":[],"class_list":["post-122071","post","type-post","status-publish","format-standard","has-post-thumbnail","hentry","category-saude"],"_links":{"self":[{"href":"https:\/\/iparaiba.com.br\/index.php\/wp-json\/wp\/v2\/posts\/122071","targetHints":{"allow":["GET"]}}],"collection":[{"href":"https:\/\/iparaiba.com.br\/index.php\/wp-json\/wp\/v2\/posts"}],"about":[{"href":"https:\/\/iparaiba.com.br\/index.php\/wp-json\/wp\/v2\/types\/post"}],"author":[{"embeddable":true,"href":"https:\/\/iparaiba.com.br\/index.php\/wp-json\/wp\/v2\/users\/1"}],"replies":[{"embeddable":true,"href":"https:\/\/iparaiba.com.br\/index.php\/wp-json\/wp\/v2\/comments?post=122071"}],"version-history":[{"count":1,"href":"https:\/\/iparaiba.com.br\/index.php\/wp-json\/wp\/v2\/posts\/122071\/revisions"}],"predecessor-version":[{"id":122101,"href":"https:\/\/iparaiba.com.br\/index.php\/wp-json\/wp\/v2\/posts\/122071\/revisions\/122101"}],"wp:featuredmedia":[{"embeddable":true,"href":"https:\/\/iparaiba.com.br\/index.php\/wp-json\/wp\/v2\/media\/111016"}],"wp:attachment":[{"href":"https:\/\/iparaiba.com.br\/index.php\/wp-json\/wp\/v2\/media?parent=122071"}],"wp:term":[{"taxonomy":"category","embeddable":true,"href":"https:\/\/iparaiba.com.br\/index.php\/wp-json\/wp\/v2\/categories?post=122071"},{"taxonomy":"post_tag","embeddable":true,"href":"https:\/\/iparaiba.com.br\/index.php\/wp-json\/wp\/v2\/tags?post=122071"}],"curies":[{"name":"wp","href":"https:\/\/api.w.org\/{rel}","templated":true}]}}