{"id":122066,"date":"2024-06-03T19:19:50","date_gmt":"2024-06-03T22:19:50","guid":{"rendered":"https:\/\/onordeste.com.br\/?p=122059"},"modified":"2024-06-03T19:19:50","modified_gmt":"2024-06-03T22:19:50","slug":"trauma-lanca-campanha-de-prevencao-as-queimaduras-3","status":"publish","type":"post","link":"https:\/\/iparaiba.com.br\/index.php\/2024\/06\/03\/trauma-lanca-campanha-de-prevencao-as-queimaduras-3\/","title":{"rendered":"Trauma lan\u00e7a campanha de preven\u00e7\u00e3o \u00e0s queimaduras"},"content":{"rendered":"<p>O Hospital Estadual de Emerg\u00eancia e Trauma Senador Humberto Lucena, unidade do Governo do Estado em Jo\u00e3o Pessoa, lan\u00e7a nesta segunda-feira (3), \u00e0s 14h, a 22\u00aa Campanha de Preven\u00e7\u00e3o \u00e0s Queimaduras Marcas que Ficam Para Sempre. A a\u00e7\u00e3o ocorre na pr\u00f3pria unidade de sa\u00fade. Na ocasi\u00e3o, ser\u00e3o apresentados os dados de v\u00edtimas de queimaduras, al\u00e9m da programa\u00e7\u00e3o da campanha, que ocorre durante o m\u00eas de junho.<\/p>\n<p>Neste ano, a iniciativa faz um alerta para o aumento dos n\u00fameros de queimados, durante o per\u00edodo junino. Um levantamento realizado pelo setor de estat\u00edstica do Hospital de Trauma mostrou que, ano passado, 111 pessoas deram entrada v\u00edtimas de queimaduras, 15 delas por fogos de artif\u00edcio.<\/p>\n<p>Segundo o diretor-geral da institui\u00e7\u00e3o, Laecio Bragante, mais de 30% dos atendimentos da Unidade de Tratamento de Queimados (UTQ) s\u00e3o causados por fogos, fogueiras e l\u00edquidos quentes. \u201cEm \u00e9poca junina, os acidentes com fogos e fogueiras tornam-se respons\u00e1veis por cerca de um ter\u00e7o dos atendimentos na UTQ. Por isso, por meio da nossa campanha, vamos tentar reduzir o n\u00famero de pessoas queimadas e sensibilizar a popula\u00e7\u00e3o sobre os cuidados para evitar esses acidentes\u201d, concluiu.<\/p>\n<p>Em 2023, 928 pessoas foram v\u00edtimas de queimaduras e os principais motivos foram: l\u00edquidos em alta temperatura, contato com o objeto em alta temperatura, por fogo, fogos de artif\u00edcio, produto qu\u00edmico, eletricidade, insola\u00e7\u00e3o,\u00a0entre outros.<\/p>\n<p>Para evitar acidentes no per\u00edodo dos festejos, o coordenador m\u00e9dico da UTQ, Emilton Amaral, elencou algumas dicas para a popula\u00e7\u00e3o n\u00e3o ter dor de cabe\u00e7a durante o arrasta-p\u00e9. \u201cOs pais devem ficar atentos \u00e0 classifica\u00e7\u00e3o et\u00e1ria indicada pelos fabricantes de fogos de artif\u00edcio e sempre ficar de olho na forma como as crian\u00e7as v\u00e3o us\u00e1-los. Outro exemplo \u00e9 quando as fogueiras acabam, as brasas ficam cobertas por cinzas e s\u00e3o pisadas por crian\u00e7as\u201d, salientou.<\/p>\n<p>Emilton Amaral alerta que n\u00e3o existe rem\u00e9dio caseiro para queimaduras. \u00a0\u201cPomadas, ervas, creme dental, manteiga, ovo, p\u00f3 de caf\u00e9, mel e at\u00e9 mesmo medicamentos aplicados sem a orienta\u00e7\u00e3o m\u00e9dica, al\u00e9m de passar uma falsa impress\u00e3o de tratamento, podem ocasionar infec\u00e7\u00f5es graves. Caso as les\u00f5es sejam pequenas, utilizar apenas \u00e1gua corrente, envolver num pano \u00famido e limpo e seguir para o hospital.\u00a0 J\u00e1 um ferimento grande [com queimaduras de 2\u00ba e 3\u00ba graus] deve ser levado imediatamente ao nosso complexo hospitalar, que \u00e9 refer\u00eancia para esses casos\u201d, esclareceu.<\/p>\n<p>A coordenadora de Enfermagem da UTQ, Ana Wirginia Rique, refor\u00e7a as dicas para curtir o S\u00e3o Jo\u00e3o com seguran\u00e7a: n\u00e3o segurar os fogos de artif\u00edcio com as m\u00e3os; nunca transportar fogos nos bolsos; n\u00e3o tentar reacender fogos que falharem; dispensar os fogos somente ao ar livre, um de cada vez; sempre ter um recipiente de \u00e1gua e molhar fogos que falharem; conferir o certificado de garantia do foguete; nunca associar bebida alco\u00f3lica ao uso de fogos.<\/p>\n","protected":false},"excerpt":{"rendered":"<p>O Hospital Estadual de Emerg\u00eancia e Trauma Senador Humberto Lucena, unidade do Governo do Estado em Jo\u00e3o Pessoa, lan\u00e7a nesta segunda-feira (3), \u00e0s 14h, a 22\u00aa Campanha de Preven\u00e7\u00e3o \u00e0s Queimaduras Marcas que Ficam Para Sempre. A a\u00e7\u00e3o ocorre na pr\u00f3pria unidade de sa\u00fade. Na ocasi\u00e3o, ser\u00e3o apresentados os dados de v\u00edtimas de queimaduras, al\u00e9m &hellip;<\/p>\n","protected":false},"author":1,"featured_media":116741,"comment_status":"open","ping_status":"open","sticky":false,"template":"","format":"standard","meta":{"footnotes":""},"categories":[3],"tags":[],"class_list":["post-122066","post","type-post","status-publish","format-standard","has-post-thumbnail","hentry","category-nordeste"],"_links":{"self":[{"href":"https:\/\/iparaiba.com.br\/index.php\/wp-json\/wp\/v2\/posts\/122066","targetHints":{"allow":["GET"]}}],"collection":[{"href":"https:\/\/iparaiba.com.br\/index.php\/wp-json\/wp\/v2\/posts"}],"about":[{"href":"https:\/\/iparaiba.com.br\/index.php\/wp-json\/wp\/v2\/types\/post"}],"author":[{"embeddable":true,"href":"https:\/\/iparaiba.com.br\/index.php\/wp-json\/wp\/v2\/users\/1"}],"replies":[{"embeddable":true,"href":"https:\/\/iparaiba.com.br\/index.php\/wp-json\/wp\/v2\/comments?post=122066"}],"version-history":[{"count":1,"href":"https:\/\/iparaiba.com.br\/index.php\/wp-json\/wp\/v2\/posts\/122066\/revisions"}],"predecessor-version":[{"id":122096,"href":"https:\/\/iparaiba.com.br\/index.php\/wp-json\/wp\/v2\/posts\/122066\/revisions\/122096"}],"wp:featuredmedia":[{"embeddable":true,"href":"https:\/\/iparaiba.com.br\/index.php\/wp-json\/wp\/v2\/media\/116741"}],"wp:attachment":[{"href":"https:\/\/iparaiba.com.br\/index.php\/wp-json\/wp\/v2\/media?parent=122066"}],"wp:term":[{"taxonomy":"category","embeddable":true,"href":"https:\/\/iparaiba.com.br\/index.php\/wp-json\/wp\/v2\/categories?post=122066"},{"taxonomy":"post_tag","embeddable":true,"href":"https:\/\/iparaiba.com.br\/index.php\/wp-json\/wp\/v2\/tags?post=122066"}],"curies":[{"name":"wp","href":"https:\/\/api.w.org\/{rel}","templated":true}]}}