{"id":122065,"date":"2024-06-03T17:00:43","date_gmt":"2024-06-03T20:00:43","guid":{"rendered":"https:\/\/onordeste.com.br\/?p=122057"},"modified":"2024-06-03T17:00:43","modified_gmt":"2024-06-03T20:00:43","slug":"prorrogada-campanha-de-vacinacao-contra-a-gripe","status":"publish","type":"post","link":"https:\/\/iparaiba.com.br\/index.php\/2024\/06\/03\/prorrogada-campanha-de-vacinacao-contra-a-gripe\/","title":{"rendered":"Prorrogada campanha de vacina\u00e7\u00e3o contra a gripe"},"content":{"rendered":"<p>A Secretaria de Estado da Sa\u00fade (SES) prorrogou, nesta sexta-feira (31), a Campanha de Vacina\u00e7\u00e3o contra a Influenza at\u00e9 o dia 28 de junho. A determina\u00e7\u00e3o, estabelecida pelo Minist\u00e9rio da Sa\u00fade, amplia o prazo da campanha em todo o territ\u00f3rio nacional, com o objetivo de melhorar a cobertura vacinal contra a gripe, fazendo com que os munic\u00edpios alcancem a meta de 90%.<\/p>\n<p>De acordo com a chefe do N\u00facleo de Imuniza\u00e7\u00e3o da SES, M\u00e1rcia Mayara, a Campanha da Influenza teve in\u00edcio no dia 18 de mar\u00e7o e, com a prorroga\u00e7\u00e3o, ficar\u00e1 vigente at\u00e9 o dia 28 de junho. \u201c\u00c9 importante que todos que ainda n\u00e3o tomaram a vacina compare\u00e7am ao posto de sa\u00fade, levem seus familiares, principalmente as crian\u00e7as, idosos e gestantes, que s\u00e3o os grupos de maior vulnerabilidade para complica\u00e7\u00e3o por influenza. A prorroga\u00e7\u00e3o \u00e9 importante para que possamos, junto aos munic\u00edpios, intensificar as a\u00e7\u00f5es e ampliar as estrat\u00e9gias voltadas \u00e0 imuniza\u00e7\u00e3o da popula\u00e7\u00e3o paraibana\u201d, explicou.<\/p>\n<p>O Governo do Estado instituiu, no in\u00edcio do m\u00eas de maio, um\u00a0incentivo\u00a0financeiro de R$ 500, por sala de vacina, para os munic\u00edpios que alcan\u00e7arem a meta de 90% na Campanha, atingindo os grupos priorit\u00e1rios. \u00a0\u201cJunto com a vacina\u00e7\u00e3o, tamb\u00e9m ser\u00e1 prorrogada a avalia\u00e7\u00e3o final para o repasse desse incentivo financeiro. Para receber, \u00e9 necess\u00e1rio atingir, obrigatoriamente, a meta estabelecida pelo Minist\u00e9rio da Sa\u00fade, contemplando, principalmente, os grupos priorit\u00e1rios\u201d, ressaltou M\u00e1rcia Mayara.<\/p>\n<p>A Para\u00edba, atualmente, ocupa a 2\u00aa posi\u00e7\u00e3o no Ranking Nacional de Cobertura vacinal, com o percentual de 45,34%. Todas as a\u00e7\u00f5es e estrat\u00e9gias para atingir essa meta de\u00a0vacina\u00e7\u00e3o est\u00e3o dentro do Programa Vacina Mais Para\u00edba, uma iniciativa da SES, lan\u00e7ada em 2022, para fortalecer as a\u00e7\u00f5es de imuniza\u00e7\u00e3o nos 223 munic\u00edpios paraibanos.<\/p>\n","protected":false},"excerpt":{"rendered":"<p>A Secretaria de Estado da Sa\u00fade (SES) prorrogou, nesta sexta-feira (31), a Campanha de Vacina\u00e7\u00e3o contra a Influenza at\u00e9 o dia 28 de junho. A determina\u00e7\u00e3o, estabelecida pelo Minist\u00e9rio da Sa\u00fade, amplia o prazo da campanha em todo o territ\u00f3rio nacional, com o objetivo de melhorar a cobertura vacinal contra a gripe, fazendo com que &hellip;<\/p>\n","protected":false},"author":1,"featured_media":109547,"comment_status":"open","ping_status":"open","sticky":false,"template":"","format":"standard","meta":{"footnotes":""},"categories":[2],"tags":[],"class_list":["post-122065","post","type-post","status-publish","format-standard","has-post-thumbnail","hentry","category-saude"],"_links":{"self":[{"href":"https:\/\/iparaiba.com.br\/index.php\/wp-json\/wp\/v2\/posts\/122065","targetHints":{"allow":["GET"]}}],"collection":[{"href":"https:\/\/iparaiba.com.br\/index.php\/wp-json\/wp\/v2\/posts"}],"about":[{"href":"https:\/\/iparaiba.com.br\/index.php\/wp-json\/wp\/v2\/types\/post"}],"author":[{"embeddable":true,"href":"https:\/\/iparaiba.com.br\/index.php\/wp-json\/wp\/v2\/users\/1"}],"replies":[{"embeddable":true,"href":"https:\/\/iparaiba.com.br\/index.php\/wp-json\/wp\/v2\/comments?post=122065"}],"version-history":[{"count":1,"href":"https:\/\/iparaiba.com.br\/index.php\/wp-json\/wp\/v2\/posts\/122065\/revisions"}],"predecessor-version":[{"id":122095,"href":"https:\/\/iparaiba.com.br\/index.php\/wp-json\/wp\/v2\/posts\/122065\/revisions\/122095"}],"wp:featuredmedia":[{"embeddable":true,"href":"https:\/\/iparaiba.com.br\/index.php\/wp-json\/wp\/v2\/media\/109547"}],"wp:attachment":[{"href":"https:\/\/iparaiba.com.br\/index.php\/wp-json\/wp\/v2\/media?parent=122065"}],"wp:term":[{"taxonomy":"category","embeddable":true,"href":"https:\/\/iparaiba.com.br\/index.php\/wp-json\/wp\/v2\/categories?post=122065"},{"taxonomy":"post_tag","embeddable":true,"href":"https:\/\/iparaiba.com.br\/index.php\/wp-json\/wp\/v2\/tags?post=122065"}],"curies":[{"name":"wp","href":"https:\/\/api.w.org\/{rel}","templated":true}]}}