{"id":122064,"date":"2024-06-03T15:00:42","date_gmt":"2024-06-03T18:00:42","guid":{"rendered":"https:\/\/onordeste.com.br\/?p=122055"},"modified":"2024-06-03T15:00:42","modified_gmt":"2024-06-03T18:00:42","slug":"procon-notifica-energisa-para-prestar-esclarecimento-sobre-plano-de-ordenamento-de-fios","status":"publish","type":"post","link":"https:\/\/iparaiba.com.br\/index.php\/2024\/06\/03\/procon-notifica-energisa-para-prestar-esclarecimento-sobre-plano-de-ordenamento-de-fios\/","title":{"rendered":"Procon notifica Energisa para prestar esclarecimento sobre plano de ordenamento de fios"},"content":{"rendered":"<p style=\"font-weight: 400;\">A Prefeitura de Campina Grande, por meio do Procon Municipal, notificou a concession\u00e1ria Energisa para que preste esclarecimentos com rela\u00e7\u00e3o plano de ordenamento de fios de energia e telecomunica\u00e7\u00f5es do munic\u00edpio. A medida visa acompanhar o cumprimento do Termo de Ajustamento de Conduta (TAC), assinado em 2022, com o objetivo de combater e controlar a instala\u00e7\u00e3o de cabos irregulares nos postes que p\u00f5em em risco a seguran\u00e7a dos consumidores e o fornecimento de servi\u00e7os.<\/p>\n<p style=\"font-weight: 400;\">De acordo com a Notifica\u00e7\u00e3o, a Energisa tem um prazo de 15 dias para apresentar um relat\u00f3rio detalhado sobre o andamento do plano de ordenamento, contados a partir do recebimento desta notifica\u00e7\u00e3o.\u00a0 Segundo o coordenador do Procon-CG, no documento est\u00e1 solicitado que sejam apontados, por exemplo, como est\u00e1 sendo realizado o recolhimento de fios soltos; apresente o cadastro das empresas regularmente estabelecidas; bem como o lan\u00e7amento de um servi\u00e7o de disque den\u00fancia para que a popula\u00e7\u00e3o informe sobre cabos afixados irregularmente ou que venham trazendo transtornos.<\/p>\n<p style=\"font-weight: 400;\">Termo de Ajustamento de Conduta (TAC) \u2013 O Termo de Ajustamento de Conduta (TAC) foi assinado em 2022, quando a Prefeitura de Campina Grande criou uma for\u00e7a-tarefa, com a participa\u00e7\u00e3o de secret\u00e1rios, agentes p\u00fablicos, inclusive do Procon-CG; bem como de representantes da empresa concession\u00e1ria Energisa, para disciplinar a instala\u00e7\u00e3o de cabos e fios nos postes. O documento abrange regras do Plano Diretor do Munic\u00edpio e asseguram a seguran\u00e7a dos consumidores e garantem a qualidade do servi\u00e7o de energia e telecomunica\u00e7\u00f5es ofertados no munic\u00edpio. \u201cCom isso, o Procon Municipal est\u00e1 notificando a Energisa e cumprindo o dever de defender e proteger o consumidor em todas as rela\u00e7\u00f5es consumeristas\u201d, finalizou Waldeny Santana.<\/p>\n","protected":false},"excerpt":{"rendered":"<p>A Prefeitura de Campina Grande, por meio do Procon Municipal, notificou a concession\u00e1ria Energisa para que preste esclarecimentos com rela\u00e7\u00e3o plano de ordenamento de fios de energia e telecomunica\u00e7\u00f5es do munic\u00edpio. A medida visa acompanhar o cumprimento do Termo de Ajustamento de Conduta (TAC), assinado em 2022, com o objetivo de combater e controlar a &hellip;<\/p>\n","protected":false},"author":1,"featured_media":99769,"comment_status":"open","ping_status":"open","sticky":false,"template":"","format":"standard","meta":{"footnotes":""},"categories":[15],"tags":[],"class_list":["post-122064","post","type-post","status-publish","format-standard","has-post-thumbnail","hentry","category-links"],"_links":{"self":[{"href":"https:\/\/iparaiba.com.br\/index.php\/wp-json\/wp\/v2\/posts\/122064","targetHints":{"allow":["GET"]}}],"collection":[{"href":"https:\/\/iparaiba.com.br\/index.php\/wp-json\/wp\/v2\/posts"}],"about":[{"href":"https:\/\/iparaiba.com.br\/index.php\/wp-json\/wp\/v2\/types\/post"}],"author":[{"embeddable":true,"href":"https:\/\/iparaiba.com.br\/index.php\/wp-json\/wp\/v2\/users\/1"}],"replies":[{"embeddable":true,"href":"https:\/\/iparaiba.com.br\/index.php\/wp-json\/wp\/v2\/comments?post=122064"}],"version-history":[{"count":1,"href":"https:\/\/iparaiba.com.br\/index.php\/wp-json\/wp\/v2\/posts\/122064\/revisions"}],"predecessor-version":[{"id":122094,"href":"https:\/\/iparaiba.com.br\/index.php\/wp-json\/wp\/v2\/posts\/122064\/revisions\/122094"}],"wp:featuredmedia":[{"embeddable":true,"href":"https:\/\/iparaiba.com.br\/index.php\/wp-json\/wp\/v2\/media\/99769"}],"wp:attachment":[{"href":"https:\/\/iparaiba.com.br\/index.php\/wp-json\/wp\/v2\/media?parent=122064"}],"wp:term":[{"taxonomy":"category","embeddable":true,"href":"https:\/\/iparaiba.com.br\/index.php\/wp-json\/wp\/v2\/categories?post=122064"},{"taxonomy":"post_tag","embeddable":true,"href":"https:\/\/iparaiba.com.br\/index.php\/wp-json\/wp\/v2\/tags?post=122064"}],"curies":[{"name":"wp","href":"https:\/\/api.w.org\/{rel}","templated":true}]}}