{"id":122047,"date":"2024-05-21T17:36:49","date_gmt":"2024-05-21T20:36:49","guid":{"rendered":"https:\/\/onordeste.com.br\/?p=122014"},"modified":"2024-05-21T17:36:49","modified_gmt":"2024-05-21T20:36:49","slug":"relatorio-do-chamamento-global-para-combate-a-mudanca-do-clima-esta-disponivel","status":"publish","type":"post","link":"https:\/\/iparaiba.com.br\/index.php\/2024\/05\/21\/relatorio-do-chamamento-global-para-combate-a-mudanca-do-clima-esta-disponivel\/","title":{"rendered":"Relat\u00f3rio do Chamamento Global para combate \u00e0 mudan\u00e7a do clima est\u00e1 dispon\u00edvel"},"content":{"rendered":"<p>Est\u00e1 dispon\u00edvel para consulta o relat\u00f3rio<a href=\"https:\/\/publicadministration.desa.un.org\/sites\/default\/files\/list-of-files\/2024\/ClimateScanner%20Global%20Call%20Report%20V4.pdf\">\u00a0ClimateScanner Global Call: Engajando as Institui\u00e7\u00f5es Superiores de Controle na Avalia\u00e7\u00e3o da A\u00e7\u00e3o Clim\u00e1tica Nacional\u00a0<em>(ClimateScanner Global Call: Engaging Supreme Audit Institutions in Assessment National Climate Action).<\/em><\/a><\/p>\n<p>Em ingl\u00eas, o documento detalha o evento organizado pelo TCU e pela Divis\u00e3o de Institui\u00e7\u00f5es P\u00fablicas e Governo Digital da ONU (DPIDG\/Undesa), realizado nos dias 25 e 26 de mar\u00e7o, na sede da Organiza\u00e7\u00e3o das Na\u00e7\u00f5es Unidads (ONU), em Nova Iorque.\u00a0<strong>O objetivo foi compartilhar informa\u00e7\u00f5es sobre o<\/strong>\u00a0<a href=\"https:\/\/sites.tcu.gov.br\/climatescanner\/\">ClimateScanner<\/a>, al\u00e9m de discutir experi\u00eancias, desafios e aprendizados das institui\u00e7\u00f5es superiores de controle (ISC) em rela\u00e7\u00e3o \u00e0 a\u00e7\u00e3o clim\u00e1tica.<\/p>\n<p>O encontro contou com cerca de 200 participantes, incluindo representantes de 70 pa\u00edses da comunidade de auditoria governamental e especialistas em mudan\u00e7as clim\u00e1ticas. Al\u00e9m de promover a discuss\u00e3o de solu\u00e7\u00f5es conjuntas, a reuni\u00e3o marcou o in\u00edcio da fase de implementa\u00e7\u00e3o do\u00a0<a href=\"https:\/\/sites.tcu.gov.br\/climatescanner\/\">ClimateScanner<\/a>, que produzir\u00e1 um\u00a0<strong>diagn\u00f3stico global sobre as a\u00e7\u00f5es governamentais para enfrentamento das mudan\u00e7as clim\u00e1ticas.<\/strong><\/p>\n<p>Durante o encontro,<strong>\u00a066 ISC assinaram um documento<\/strong>\u00a0de apoio ao\u00a0<a href=\"https:\/\/sites.tcu.gov.br\/climatescanner\/\">ClimateScanner<\/a>. A expectativa \u00e9 que at\u00e9 a COP29, em novembro, no Azerbaij\u00e3o, cerca de 100 institui\u00e7\u00f5es superiores de controle estejam utilizando a ferramenta.<\/p>\n<p>Acesse o relat\u00f3rio\u00a0<a href=\"https:\/\/publicadministration.desa.un.org\/sites\/default\/files\/list-of-files\/2024\/ClimateScanner%20Global%20Call%20Report%20V4.pdf\">aqui\u00a0<\/a>(em ingl\u00eas).<\/p>\n<p>Leia mais sobre o ClimateScanner Globall Call:<\/p>\n<p><a href=\"https:\/\/portal.tcu.gov.br\/imprensa\/noticias\/na-sede-da-onu-tcu-destaca-a-importancia-de-solucoes-conjuntas-para-enfrentar-as-mudancas-climaticas.htm\">Na sede da ONU, TCU destaca a import\u00e2ncia de solu\u00e7\u00f5es conjuntas para enfrentar as mudan\u00e7as clim\u00e1ticas<\/a><\/p>\n<p><a href=\"https:\/\/portal.tcu.gov.br\/imprensa\/noticias\/reuniao-na-onu-marca-o-inicio-da-coleta-de-dados-para-diagnostico-global-das-acoes-governamentais-de-combate-as-mudancas-climaticas.htm\">Reuni\u00e3o na ONU marca o in\u00edcio da coleta de dados para diagn\u00f3stico global das a\u00e7\u00f5es governamentais de combate \u00e0s mudan\u00e7as clim\u00e1ticas<\/a><\/p>\n<h3><strong>Sobre o Climatescanner<\/strong><\/h3>\n<p>\u00c9 uma ferramenta que vai permitir a avalia\u00e7\u00e3o, pelas ISC, das a\u00e7\u00f5es governamentais relacionadas \u00e0 mudan\u00e7a do clima. Sua metodologia, desenvolvida ao longo de 2023 por um grupo executivo de 17 ISC ao redor do mundo, est\u00e1 organizada sob tr\u00eas eixos: governan\u00e7a, financiamento clim\u00e1tico e pol\u00edticas p\u00fablicas; e em dois n\u00edveis: nacional e internacional.<\/p>\n<p>Acesse:\u00a0<a href=\"https:\/\/sites.tcu.gov.br\/climatescanner\/\">ClimateScanner<\/a>.<\/p>\n","protected":false},"excerpt":{"rendered":"<p>Est\u00e1 dispon\u00edvel para consulta o relat\u00f3rio\u00a0ClimateScanner Global Call: Engajando as Institui\u00e7\u00f5es Superiores de Controle na Avalia\u00e7\u00e3o da A\u00e7\u00e3o Clim\u00e1tica Nacional\u00a0(ClimateScanner Global Call: Engaging Supreme Audit Institutions in Assessment National Climate Action). Em ingl\u00eas, o documento detalha o evento organizado pelo TCU e pela Divis\u00e3o de Institui\u00e7\u00f5es P\u00fablicas e Governo Digital da ONU (DPIDG\/Undesa), realizado nos &hellip;<\/p>\n","protected":false},"author":1,"featured_media":97452,"comment_status":"open","ping_status":"open","sticky":false,"template":"","format":"standard","meta":{"footnotes":""},"categories":[18],"tags":[],"class_list":["post-122047","post","type-post","status-publish","format-standard","has-post-thumbnail","hentry","category-brasil"],"_links":{"self":[{"href":"https:\/\/iparaiba.com.br\/index.php\/wp-json\/wp\/v2\/posts\/122047","targetHints":{"allow":["GET"]}}],"collection":[{"href":"https:\/\/iparaiba.com.br\/index.php\/wp-json\/wp\/v2\/posts"}],"about":[{"href":"https:\/\/iparaiba.com.br\/index.php\/wp-json\/wp\/v2\/types\/post"}],"author":[{"embeddable":true,"href":"https:\/\/iparaiba.com.br\/index.php\/wp-json\/wp\/v2\/users\/1"}],"replies":[{"embeddable":true,"href":"https:\/\/iparaiba.com.br\/index.php\/wp-json\/wp\/v2\/comments?post=122047"}],"version-history":[{"count":0,"href":"https:\/\/iparaiba.com.br\/index.php\/wp-json\/wp\/v2\/posts\/122047\/revisions"}],"wp:featuredmedia":[{"embeddable":true,"href":"https:\/\/iparaiba.com.br\/index.php\/wp-json\/wp\/v2\/media\/97452"}],"wp:attachment":[{"href":"https:\/\/iparaiba.com.br\/index.php\/wp-json\/wp\/v2\/media?parent=122047"}],"wp:term":[{"taxonomy":"category","embeddable":true,"href":"https:\/\/iparaiba.com.br\/index.php\/wp-json\/wp\/v2\/categories?post=122047"},{"taxonomy":"post_tag","embeddable":true,"href":"https:\/\/iparaiba.com.br\/index.php\/wp-json\/wp\/v2\/tags?post=122047"}],"curies":[{"name":"wp","href":"https:\/\/api.w.org\/{rel}","templated":true}]}}