{"id":122044,"date":"2024-05-21T17:31:45","date_gmt":"2024-05-21T20:31:45","guid":{"rendered":"https:\/\/onordeste.com.br\/?p=122008"},"modified":"2024-05-21T17:31:45","modified_gmt":"2024-05-21T20:31:45","slug":"cmjp-debate-paz-no-transito-durante-sessao-especial","status":"publish","type":"post","link":"https:\/\/iparaiba.com.br\/index.php\/2024\/05\/21\/cmjp-debate-paz-no-transito-durante-sessao-especial\/","title":{"rendered":"CMJP debate paz no tr\u00e2nsito durante sess\u00e3o especial"},"content":{"rendered":"<p align=\"justify\">O movimento em alerta aos altos \u00edndices de v\u00edtimas de acidentes de tr\u00e2nsito, Maio Amarelo, foi discutido durante sess\u00e3o especial, na manh\u00e3 desta ter\u00e7a-feira (21), na C\u00e2mara Municipal de Jo\u00e3o Pessoa (CMJP). O evento, proposto pelo presidente da Casa, vereador Dinho (PSD), reuniu representantes de \u00f3rg\u00e3os respons\u00e1veis pela seguran\u00e7a vi\u00e1ria e atendimento de urg\u00eancia e emerg\u00eancia na Capital. No in\u00edcio da manh\u00e3, o Legislativo Municipal promoveu uma\u00a0<u><a href=\"https:\/\/joaopessoa.pb.leg.br\/cmjp-promove-acao-do-maio-amarelo-com-simulacao-de-acidentes-na-capital\/\" target=\"_blank\" rel=\"noopener\" data-saferedirecturl=\"https:\/\/www.google.com\/url?q=https:\/\/joaopessoa.pb.leg.br\/cmjp-promove-acao-do-maio-amarelo-com-simulacao-de-acidentes-na-capital\/&amp;source=gmail&amp;ust=1716409591341000&amp;usg=AOvVaw2VkyjI-C6xzJmTEzHE76FG\">a\u00e7\u00e3o<\/a><\/u>\u00a0com simula\u00e7\u00f5es de acidentes em quatro pontos da cidade.<\/p>\n<p align=\"justify\">Dinho agradeceu a todos os \u00f3rg\u00e3os presentes e chamou aten\u00e7\u00e3o para o n\u00famero alarmante de v\u00edtimas fatais na Para\u00edba. \u201cEstamos vivendo uma guerra. S\u00f3 no ano passado foram 788 mortes, \u00e9 uma guerra que temos que combater. Este ano j\u00e1 contabilizamos 294 mortes, n\u00e3o sabemos onde isso vai parar. A Bahia, por exemplo, \u00e9 quatro vezes maior do que a Para\u00edba, tanto em popula\u00e7\u00e3o, quanto em territ\u00f3rios, e l\u00e1, ano passado, foram contabilizadas 815 mortes. A Para\u00edba tem dados alarmantes, \u00e9 preciso chamar aten\u00e7\u00e3o dos \u00f3rg\u00e3os e dos condutores de ve\u00edculos para a educa\u00e7\u00e3o no tr\u00e2nsito, precisamos contribuir\u201d, declarou o presidente Dinho, salientando que a Lei 11.350\/2008, de sua autoria, trata da inclus\u00e3o na grade curricular da educa\u00e7\u00e3o para o tr\u00e2nsito nas escolas de ensino fundamental. \u201cS\u00f3 conseguiremos a solu\u00e7\u00e3o por meio da educa\u00e7\u00e3o, que come\u00e7a com as crian\u00e7as\u201d, enfatizou.<\/p>\n<p align=\"justify\">O superintendente da Semob, Expedito Leite, destacou a import\u00e2ncia da\u00a0<u><a href=\"https:\/\/joaopessoa.pb.leg.br\/maio-amarelo-veiculos-destruidos-em-acidentes-sao-expostos-em-avenidas-de-joao-pessoa-para-alertar-motoristas\/\" target=\"_blank\" rel=\"noopener\" data-saferedirecturl=\"https:\/\/www.google.com\/url?q=https:\/\/joaopessoa.pb.leg.br\/maio-amarelo-veiculos-destruidos-em-acidentes-sao-expostos-em-avenidas-de-joao-pessoa-para-alertar-motoristas\/&amp;source=gmail&amp;ust=1716409591341000&amp;usg=AOvVaw2qr-8k9NJsiourbW94ZLzH\">a\u00e7\u00e3o<\/a><\/u>\u00a0desenvolvida pela CMJP na manh\u00e3 desta ter\u00e7a-feira (21).\u00a0 \u201c\u00c9 motivo de alegria e satisfa\u00e7\u00e3o poder participar e colaborar com a a\u00e7\u00e3o da CMJP, com a inten\u00e7\u00e3o de passar uma mensagem \u00e0 sociedade de seguran\u00e7a vi\u00e1ria, paz e toler\u00e2ncia no tr\u00e2nsito, al\u00e9m de obedi\u00eancia \u00e0 legisla\u00e7\u00e3o e \u00e0 sinaliza\u00e7\u00e3o vi\u00e1ria. Campanhas como essa t\u00eam que continuar\u201d, declarou, agradecendo ainda \u00e0 equipe da Semob, que tem um trabalho de educa\u00e7\u00e3o para o tr\u00e2nsito o ano inteiro, intensificado no m\u00eas de maio.<\/p>\n<p align=\"justify\">O vereador Coronel Sobreira (Novo) destacou que R$ 20 bilh\u00f5es s\u00e3o gastos todos os anos em decorr\u00eancia dos acidentes de tr\u00e2nsito, e que os pilares para diminuir esses \u00edndices s\u00e3o educa\u00e7\u00e3o, engenharia e fiscaliza\u00e7\u00e3o. Coronel Sobreira ainda cobrou uma regulamenta\u00e7\u00e3o dos alvar\u00e1s de atua\u00e7\u00e3o dos motoboys e a coloca\u00e7\u00e3o em pr\u00e1tica da Resolu\u00e7\u00e3o 265, de dezembro de 2007, do Conselho Nacional de Tr\u00e2nsito (Contran), sobre a implementa\u00e7\u00e3o do conte\u00fado te\u00f3rico utilizado no processo de habilita\u00e7\u00e3o de condutores de ve\u00edculos como atividade extracurricular durante os tr\u00eas anos do Ensino M\u00e9dio. \u201cS\u00e3o esses clamores que a gente faz ao Munic\u00edpio e ao Estado: a regulamenta\u00e7\u00e3o dos motoboys e a educa\u00e7\u00e3o para o tr\u00e2nsito no Ensino M\u00e9dio\u201d, declarou.<\/p>\n<p align=\"justify\">O Comandante do BPTran da Pol\u00edcia Militar da Para\u00edba, Tenente Coronel Lucas, informou que em 2024 j\u00e1 s\u00e3o 294 pessoas que faleceram na Para\u00edba, em decorr\u00eancia do que ele acredita ser falta de cuidado ou de responsabilidade. \u201cCada um que dirige nas vias deve ter o devido cuidado, respeitar a vida de terceiros e a sua pr\u00f3pria vida\u201d, pediu. O Comandante Lucas considerou importante o projeto mencionado pelo vereador Coronel Sobreira, que regulamenta o trabalho dos motofretistas. \u201cN\u00f3s observamos, na semana retrasada, um incidente envolvendo o propriet\u00e1rio de uma academia de Jo\u00e3o Pessoa. A academia dele foi apedrejada durante dois dias por causa de um acidente com um motofretista. Avaliamos que n\u00e3o \u00e9 um fato isolado, temos outros incidentes desse tipo no Brasil. As pessoas que colidem seu ve\u00edculo com uma motocicleta n\u00e3o raramente se deparam com um grupo de dez ou 15 pessoas que imprimem um verdadeiro terror. Esse projeto do Coronel Sobreira, que trata da regulamenta\u00e7\u00e3o desses trabalhadores, precisa ser tratado com seriedade. Vemos diversas pessoas fazendo entregas, mas n\u00e3o se sabe como localizar essas pessoas caso algo do tipo aconte\u00e7a. Precisa-se ter controle sobre esse trabalho desenvolvido\u201d, defendeu o comandante.<\/p>\n<p align=\"justify\">CMJP<\/p>\n","protected":false},"excerpt":{"rendered":"<p>O movimento em alerta aos altos \u00edndices de v\u00edtimas de acidentes de tr\u00e2nsito, Maio Amarelo, foi discutido durante sess\u00e3o especial, na manh\u00e3 desta ter\u00e7a-feira (21), na C\u00e2mara Municipal de Jo\u00e3o Pessoa (CMJP). O evento, proposto pelo presidente da Casa, vereador Dinho (PSD), reuniu representantes de \u00f3rg\u00e3os respons\u00e1veis pela seguran\u00e7a vi\u00e1ria e atendimento de urg\u00eancia e &hellip;<\/p>\n","protected":false},"author":1,"featured_media":105851,"comment_status":"open","ping_status":"open","sticky":false,"template":"","format":"standard","meta":{"footnotes":""},"categories":[15],"tags":[],"class_list":["post-122044","post","type-post","status-publish","format-standard","has-post-thumbnail","hentry","category-links"],"_links":{"self":[{"href":"https:\/\/iparaiba.com.br\/index.php\/wp-json\/wp\/v2\/posts\/122044","targetHints":{"allow":["GET"]}}],"collection":[{"href":"https:\/\/iparaiba.com.br\/index.php\/wp-json\/wp\/v2\/posts"}],"about":[{"href":"https:\/\/iparaiba.com.br\/index.php\/wp-json\/wp\/v2\/types\/post"}],"author":[{"embeddable":true,"href":"https:\/\/iparaiba.com.br\/index.php\/wp-json\/wp\/v2\/users\/1"}],"replies":[{"embeddable":true,"href":"https:\/\/iparaiba.com.br\/index.php\/wp-json\/wp\/v2\/comments?post=122044"}],"version-history":[{"count":0,"href":"https:\/\/iparaiba.com.br\/index.php\/wp-json\/wp\/v2\/posts\/122044\/revisions"}],"wp:featuredmedia":[{"embeddable":true,"href":"https:\/\/iparaiba.com.br\/index.php\/wp-json\/wp\/v2\/media\/105851"}],"wp:attachment":[{"href":"https:\/\/iparaiba.com.br\/index.php\/wp-json\/wp\/v2\/media?parent=122044"}],"wp:term":[{"taxonomy":"category","embeddable":true,"href":"https:\/\/iparaiba.com.br\/index.php\/wp-json\/wp\/v2\/categories?post=122044"},{"taxonomy":"post_tag","embeddable":true,"href":"https:\/\/iparaiba.com.br\/index.php\/wp-json\/wp\/v2\/tags?post=122044"}],"curies":[{"name":"wp","href":"https:\/\/api.w.org\/{rel}","templated":true}]}}