{"id":122043,"date":"2024-05-21T17:30:44","date_gmt":"2024-05-21T20:30:44","guid":{"rendered":"https:\/\/onordeste.com.br\/?p=122006"},"modified":"2024-05-21T17:30:44","modified_gmt":"2024-05-21T20:30:44","slug":"deputados-defendem-acoes-de-prevencao-a-tragedias-climaticas","status":"publish","type":"post","link":"https:\/\/iparaiba.com.br\/index.php\/2024\/05\/21\/deputados-defendem-acoes-de-prevencao-a-tragedias-climaticas\/","title":{"rendered":"Deputados defendem a\u00e7\u00f5es de preven\u00e7\u00e3o a trag\u00e9dias clim\u00e1ticas"},"content":{"rendered":"<p>Preocupados com as trag\u00e9dias ocorridas no pa\u00eds em consequ\u00eancia das mudan\u00e7as clim\u00e1ticas, os deputados estaduais defenderam, durante a sess\u00e3o ordin\u00e1ria desta ter\u00e7a-feira (21), a realiza\u00e7\u00e3o de debates e a\u00e7\u00f5es com o intuito de prevenir cat\u00e1strofes clim\u00e1ticas no estado da Para\u00edba, como as ocorridas no estado do Rio Grande do Sul.<\/p>\n<p>O deputado Chi\u00f3 sugeriu a cria\u00e7\u00e3o de um observat\u00f3rio estadual das mudan\u00e7as clim\u00e1ticas, com o objetivo de monitorar e analisar os impactos ambientais. \u201c\u00c9 preciso ouvir a academia. O pr\u00f3prio governador Eduardo Leite, ontem, admitiu que sabia dos perigos que o Rio Grande do Sul corria. Ele recebeu estudos, mostrando que a cat\u00e1strofe era iminente. Talvez a gente n\u00e3o pudesse, l\u00e1 no Rio Grande do Sul, resolver todo o problema, mas, pelo menos, aquelas mortes poderiam ser evitadas se a gente tivesse ouvido a ci\u00eancia, ouvido os estudos que foram feitos no Rio Grande do Sul\u201d, explicou o parlamentar.<\/p>\n<p>Chi\u00f3 destacou tamb\u00e9m que, aqui na Para\u00edba, existem v\u00e1rios estudos que apontam para o processo da desertifica\u00e7\u00e3o, que podem ajudar o Governo do Estado a planejar a\u00e7\u00f5es e evitar o \u00eaxodo rural e a perda da biodiversidade e da produ\u00e7\u00e3o.<\/p>\n<p>A deputada Cida Ramos convidou os demais parlamentares a participarem, na pr\u00f3xima quinta-feira (23), na Casa Epit\u00e1cio Pessoa, de um amplo debate com a presen\u00e7a de especialistas em clima da Para\u00edba, ambientalistas e representantes de entidades protetoras do meio ambiente para discutir medidas de preven\u00e7\u00e3o. \u201cNa Para\u00edba, n\u00f3s temos 44 cidades com diversas \u00e1reas em situa\u00e7\u00e3o de risco clim\u00e1tico como deslizamento, desabamento, inunda\u00e7\u00e3o, ent\u00e3o, temos que ter atitude e a Assembleia tem que se antecipar a esse debate\u201d, argumentou Cida.<\/p>\n","protected":false},"excerpt":{"rendered":"<p>Preocupados com as trag\u00e9dias ocorridas no pa\u00eds em consequ\u00eancia das mudan\u00e7as clim\u00e1ticas, os deputados estaduais defenderam, durante a sess\u00e3o ordin\u00e1ria desta ter\u00e7a-feira (21), a realiza\u00e7\u00e3o de debates e a\u00e7\u00f5es com o intuito de prevenir cat\u00e1strofes clim\u00e1ticas no estado da Para\u00edba, como as ocorridas no estado do Rio Grande do Sul. O deputado Chi\u00f3 sugeriu a &hellip;<\/p>\n","protected":false},"author":1,"featured_media":116670,"comment_status":"open","ping_status":"open","sticky":false,"template":"","format":"standard","meta":{"footnotes":""},"categories":[3],"tags":[],"class_list":["post-122043","post","type-post","status-publish","format-standard","has-post-thumbnail","hentry","category-nordeste"],"_links":{"self":[{"href":"https:\/\/iparaiba.com.br\/index.php\/wp-json\/wp\/v2\/posts\/122043","targetHints":{"allow":["GET"]}}],"collection":[{"href":"https:\/\/iparaiba.com.br\/index.php\/wp-json\/wp\/v2\/posts"}],"about":[{"href":"https:\/\/iparaiba.com.br\/index.php\/wp-json\/wp\/v2\/types\/post"}],"author":[{"embeddable":true,"href":"https:\/\/iparaiba.com.br\/index.php\/wp-json\/wp\/v2\/users\/1"}],"replies":[{"embeddable":true,"href":"https:\/\/iparaiba.com.br\/index.php\/wp-json\/wp\/v2\/comments?post=122043"}],"version-history":[{"count":0,"href":"https:\/\/iparaiba.com.br\/index.php\/wp-json\/wp\/v2\/posts\/122043\/revisions"}],"wp:featuredmedia":[{"embeddable":true,"href":"https:\/\/iparaiba.com.br\/index.php\/wp-json\/wp\/v2\/media\/116670"}],"wp:attachment":[{"href":"https:\/\/iparaiba.com.br\/index.php\/wp-json\/wp\/v2\/media?parent=122043"}],"wp:term":[{"taxonomy":"category","embeddable":true,"href":"https:\/\/iparaiba.com.br\/index.php\/wp-json\/wp\/v2\/categories?post=122043"},{"taxonomy":"post_tag","embeddable":true,"href":"https:\/\/iparaiba.com.br\/index.php\/wp-json\/wp\/v2\/tags?post=122043"}],"curies":[{"name":"wp","href":"https:\/\/api.w.org\/{rel}","templated":true}]}}