{"id":122036,"date":"2024-05-23T08:00:36","date_gmt":"2024-05-23T11:00:36","guid":{"rendered":"https:\/\/onordeste.com.br\/?p=122032"},"modified":"2024-05-23T08:00:36","modified_gmt":"2024-05-23T11:00:36","slug":"central-de-transplantes-registra-aumento-de-90-nas-doacoes-de-orgaos","status":"publish","type":"post","link":"https:\/\/iparaiba.com.br\/index.php\/2024\/05\/23\/central-de-transplantes-registra-aumento-de-90-nas-doacoes-de-orgaos\/","title":{"rendered":"Central de Transplantes registra aumento de 90% nas doa\u00e7\u00f5es de \u00f3rg\u00e3os"},"content":{"rendered":"<p>As doa\u00e7\u00f5es de \u00f3rg\u00e3os para transplantes v\u00eam aumentando na Para\u00edba em rela\u00e7\u00e3o ao mesmo per\u00edodo do ano passado. Enquanto nos quatro primeiros meses de 2023 a Central Estadual de Transplantes, unidade do Governo da Para\u00edba, somou 11 doadores efetivos, em 2024 j\u00e1 s\u00e3o 21, n\u00famero que representa um aumento de 90%.<\/p>\n<p>Em rela\u00e7\u00e3o ao n\u00famero de transplantes realizados, tamb\u00e9m foi verificado um crescimento de mais de 37%.\u00a0At\u00e9 abril de 2023, o estado somou 80 cirurgias, contra 110 procedimentos j\u00e1 feitos neste ano.<\/p>\n<p>Outro dado importante \u00e9 em rela\u00e7\u00e3o a quantidade de transplantes card\u00edacos realizados no estado. Nos quatro primeiros meses do ano passado foram tr\u00eas cirurgias e este ano j\u00e1 s\u00e3o cinco pessoas que vivem com um cora\u00e7\u00e3o novo. E desse total, quatro processos (tanto a doa\u00e7\u00e3o quanto o transplante) foram feitos totalmente via SUS. A quantidade de transplantes de f\u00edgado tamb\u00e9m deu um salto importante, saindo de cinco doa\u00e7\u00f5es no primeiro quadrimestre de 2023 para 15, no mesmo per\u00edodo deste ano.<\/p>\n<p>De acordo com dados estat\u00edsticos da Central, j\u00e1 foram captados na Para\u00edba e enviados para pacientes de outros estados 26 \u00f3rg\u00e3os s\u00f3lidos, sendo dois cora\u00e7\u00f5es, dois f\u00edgados e 22 rins. Isso ocorre quando no estado n\u00e3o s\u00e3o identificados receptores compat\u00edveis.<\/p>\n<p>&nbsp;<\/p>\n","protected":false},"excerpt":{"rendered":"<p>As doa\u00e7\u00f5es de \u00f3rg\u00e3os para transplantes v\u00eam aumentando na Para\u00edba em rela\u00e7\u00e3o ao mesmo per\u00edodo do ano passado. Enquanto nos quatro primeiros meses de 2023 a Central Estadual de Transplantes, unidade do Governo da Para\u00edba, somou 11 doadores efetivos, em 2024 j\u00e1 s\u00e3o 21, n\u00famero que representa um aumento de 90%. Em rela\u00e7\u00e3o ao n\u00famero &hellip;<\/p>\n","protected":false},"author":1,"featured_media":100822,"comment_status":"open","ping_status":"open","sticky":false,"template":"","format":"standard","meta":{"footnotes":""},"categories":[2],"tags":[],"class_list":["post-122036","post","type-post","status-publish","format-standard","has-post-thumbnail","hentry","category-saude"],"_links":{"self":[{"href":"https:\/\/iparaiba.com.br\/index.php\/wp-json\/wp\/v2\/posts\/122036","targetHints":{"allow":["GET"]}}],"collection":[{"href":"https:\/\/iparaiba.com.br\/index.php\/wp-json\/wp\/v2\/posts"}],"about":[{"href":"https:\/\/iparaiba.com.br\/index.php\/wp-json\/wp\/v2\/types\/post"}],"author":[{"embeddable":true,"href":"https:\/\/iparaiba.com.br\/index.php\/wp-json\/wp\/v2\/users\/1"}],"replies":[{"embeddable":true,"href":"https:\/\/iparaiba.com.br\/index.php\/wp-json\/wp\/v2\/comments?post=122036"}],"version-history":[{"count":1,"href":"https:\/\/iparaiba.com.br\/index.php\/wp-json\/wp\/v2\/posts\/122036\/revisions"}],"predecessor-version":[{"id":122056,"href":"https:\/\/iparaiba.com.br\/index.php\/wp-json\/wp\/v2\/posts\/122036\/revisions\/122056"}],"wp:featuredmedia":[{"embeddable":true,"href":"https:\/\/iparaiba.com.br\/index.php\/wp-json\/wp\/v2\/media\/100822"}],"wp:attachment":[{"href":"https:\/\/iparaiba.com.br\/index.php\/wp-json\/wp\/v2\/media?parent=122036"}],"wp:term":[{"taxonomy":"category","embeddable":true,"href":"https:\/\/iparaiba.com.br\/index.php\/wp-json\/wp\/v2\/categories?post=122036"},{"taxonomy":"post_tag","embeddable":true,"href":"https:\/\/iparaiba.com.br\/index.php\/wp-json\/wp\/v2\/tags?post=122036"}],"curies":[{"name":"wp","href":"https:\/\/api.w.org\/{rel}","templated":true}]}}