{"id":122035,"date":"2024-05-23T06:00:01","date_gmt":"2024-05-23T09:00:01","guid":{"rendered":"https:\/\/onordeste.com.br\/?p=122030"},"modified":"2024-05-23T06:00:01","modified_gmt":"2024-05-23T09:00:01","slug":"lancada-campanha-estadual-de-enfrentamento-ao-abuso-e-exploracao-sexual-infantil","status":"publish","type":"post","link":"https:\/\/iparaiba.com.br\/index.php\/2024\/05\/23\/lancada-campanha-estadual-de-enfrentamento-ao-abuso-e-exploracao-sexual-infantil\/","title":{"rendered":"Lan\u00e7ada campanha estadual de enfrentamento ao abuso e explora\u00e7\u00e3o sexual infantil"},"content":{"rendered":"<p>O Governo da Para\u00edba, por meio da Secretaria de Estado da Sa\u00fade (SES), em parceria intersetorial com as Secretarias Estaduais de Educa\u00e7\u00e3o, Desenvolvimento Humano, Mulher e Diversidade Humana, Cultura, Juventude Esporte e Lazer, realizou o lan\u00e7amento da Campanha Estadual em alus\u00e3o ao Maio Laranja, m\u00eas de combate ao abuso e explora\u00e7\u00e3o sexual de crian\u00e7as e adolescentes. A agenda, que aconteceu no Teatro Paulo Pontes, no Espa\u00e7o Cultural, em Jo\u00e3o Pessoa, marca o in\u00edcio das atividades da Caravana Intersetorial que percorrer\u00e1 as tr\u00eas macrorregi\u00f5es de sa\u00fade ofertando atendimento e servi\u00e7os ao p\u00fablico infantojuvenil na Para\u00edba.<\/p>\n<p>De acordo com a secret\u00e1ria executiva de Estado da Sa\u00fade, Renata N\u00f3brega, o evento \u00e9 importante para manter a sociedade civil organizada ciente da Rede de Apoio colaborativa existente no Estado e que garante a prote\u00e7\u00e3o, o acolhimento e qualidade de vida de crian\u00e7as e adolescentes v\u00edtimas de abuso sexual.<\/p>\n<p>\u201cN\u00f3s entendemos que \u00e9 preciso ter uma rede bem estruturada para lidarmos com esse problema, que \u00e9 n\u00e3o s\u00f3 da Para\u00edba, mas um mal que atinge o mundo todo. Por isso, estamos trabalhando incessantemente para ampliarmos nossos servi\u00e7os, como o acompanhamento junto aos Cras e Creas; com as nossas equipes multiprofissionais que est\u00e3o na Aten\u00e7\u00e3o Prim\u00e1ria, e com o Ambulat\u00f3rio de Atendimento \u00e0s V\u00edtimas de Viol\u00eancia e Acidentes (Amviva), que h\u00e1 15 anos realiza<\/p>\n","protected":false},"excerpt":{"rendered":"<p>O Governo da Para\u00edba, por meio da Secretaria de Estado da Sa\u00fade (SES), em parceria intersetorial com as Secretarias Estaduais de Educa\u00e7\u00e3o, Desenvolvimento Humano, Mulher e Diversidade Humana, Cultura, Juventude Esporte e Lazer, realizou o lan\u00e7amento da Campanha Estadual em alus\u00e3o ao Maio Laranja, m\u00eas de combate ao abuso e explora\u00e7\u00e3o sexual de crian\u00e7as e &hellip;<\/p>\n","protected":false},"author":1,"featured_media":111016,"comment_status":"open","ping_status":"open","sticky":false,"template":"","format":"standard","meta":{"footnotes":""},"categories":[10],"tags":[],"class_list":["post-122035","post","type-post","status-publish","format-standard","has-post-thumbnail","hentry","category-manchetes"],"_links":{"self":[{"href":"https:\/\/iparaiba.com.br\/index.php\/wp-json\/wp\/v2\/posts\/122035","targetHints":{"allow":["GET"]}}],"collection":[{"href":"https:\/\/iparaiba.com.br\/index.php\/wp-json\/wp\/v2\/posts"}],"about":[{"href":"https:\/\/iparaiba.com.br\/index.php\/wp-json\/wp\/v2\/types\/post"}],"author":[{"embeddable":true,"href":"https:\/\/iparaiba.com.br\/index.php\/wp-json\/wp\/v2\/users\/1"}],"replies":[{"embeddable":true,"href":"https:\/\/iparaiba.com.br\/index.php\/wp-json\/wp\/v2\/comments?post=122035"}],"version-history":[{"count":1,"href":"https:\/\/iparaiba.com.br\/index.php\/wp-json\/wp\/v2\/posts\/122035\/revisions"}],"predecessor-version":[{"id":122055,"href":"https:\/\/iparaiba.com.br\/index.php\/wp-json\/wp\/v2\/posts\/122035\/revisions\/122055"}],"wp:featuredmedia":[{"embeddable":true,"href":"https:\/\/iparaiba.com.br\/index.php\/wp-json\/wp\/v2\/media\/111016"}],"wp:attachment":[{"href":"https:\/\/iparaiba.com.br\/index.php\/wp-json\/wp\/v2\/media?parent=122035"}],"wp:term":[{"taxonomy":"category","embeddable":true,"href":"https:\/\/iparaiba.com.br\/index.php\/wp-json\/wp\/v2\/categories?post=122035"},{"taxonomy":"post_tag","embeddable":true,"href":"https:\/\/iparaiba.com.br\/index.php\/wp-json\/wp\/v2\/tags?post=122035"}],"curies":[{"name":"wp","href":"https:\/\/api.w.org\/{rel}","templated":true}]}}