{"id":122034,"date":"2024-05-22T17:48:37","date_gmt":"2024-05-22T20:48:37","guid":{"rendered":"https:\/\/onordeste.com.br\/?p=122028"},"modified":"2024-05-22T17:48:37","modified_gmt":"2024-05-22T20:48:37","slug":"ses-disponibiliza-formacao-em-auriculoterapia-para-trabalhadores-da-saude","status":"publish","type":"post","link":"https:\/\/iparaiba.com.br\/index.php\/2024\/05\/22\/ses-disponibiliza-formacao-em-auriculoterapia-para-trabalhadores-da-saude\/","title":{"rendered":"SES disponibiliza forma\u00e7\u00e3o em auriculoterapia para trabalhadores da sa\u00fade"},"content":{"rendered":"<p>Com o objetivo fortalecer a Pol\u00edtica Estadual das Pr\u00e1ticas Integrativas e Complementares em Sa\u00fade (PICS), a Secretaria de Estado da Sa\u00fade (SES) promove o curso de Auriculoterapia, em parceria com o Minist\u00e9rio da Sa\u00fade e a Universidade Federal de Santa Catarina, para os trabalhadores da Aten\u00e7\u00e3o Prim\u00e1ria do Sistema \u00danico de Sa\u00fade (SUS) de todo o estado. A inscri\u00e7\u00e3o pode ser realizada pelo link\u00a0<b><a href=\"https:\/\/auriculoterapiasus.ufsc.br\/\">https:\/\/auriculoterapiasus.ufsc.br\/<\/a><\/b><b>\u00a0<\/b>at\u00e9 o dia 30 de junho pr\u00f3ximo.<\/p>\n<p>Podem se inscrever para a forma\u00e7\u00e3o profissionais de n\u00edvel superior da aten\u00e7\u00e3o prim\u00e1ria, lotados nas equipes de Sa\u00fade de Fam\u00edlia, unidades b\u00e1sicas ou centros de sa\u00fade tradicionais, equipes multiprofissionais, equipes de aten\u00e7\u00e3o domiciliar e de consult\u00f3rios de rua, profissionais dos Centros de Aten\u00e7\u00e3o Psicossocial (CAPs) e de servi\u00e7os de reabilita\u00e7\u00e3o por meio de ensino.<\/p>\n<p>De acordo com a t\u00e9cnica da Ger\u00eancia Operacional de Aten\u00e7\u00e3o B\u00e1sica (GOAB) da SES, Adriana Gomes, que est\u00e1 como refer\u00eancia estadual em PICs, a auriculoterapia \u00e9 uma t\u00e9cnica de estimula\u00e7\u00e3o de pontos espec\u00edficos da orelha, associada \u00e0 medicina tradicional chinesa, que estimula outros \u00f3rg\u00e3os, sistemas e fun\u00e7\u00f5es do organismo. \u201cNa aten\u00e7\u00e3o prim\u00e1ria, a auriculoterapia j\u00e1 tem sido usada em atendimentos individuais e coletivos para diversos tipos de problemas de sa\u00fade, como tratamento em associa\u00e7\u00e3o com outras terap\u00eauticas, de modo a enriquecer as possibilidades de cuidado aos usu\u00e1rios dos SUS\u201d, explicou.<\/p>\n<p>O modelo do curso ser\u00e1 semipresencial com 75 horas, no formato ensino \u00e0 Dist\u00e2ncia (EAD), e 5 horas presenciais, nos munic\u00edpios de Jo\u00e3o Pessoa, Campina Grande, Patos e Cajazeiras, localizados nas tr\u00eas macrorregi\u00f5es de sa\u00fade. O in\u00edcio do curso \u00e9 no dia 5 de julho de forma EAD. As aulas pr\u00e1ticas acontecem nos dias 22 e 23 de agosto, em Jo\u00e3o Pessoa; j\u00e1 nos polos de Cajazeiras, Campina Grande e Patos come\u00e7am no dia 26 de agosto.<\/p>\n","protected":false},"excerpt":{"rendered":"<p>Com o objetivo fortalecer a Pol\u00edtica Estadual das Pr\u00e1ticas Integrativas e Complementares em Sa\u00fade (PICS), a Secretaria de Estado da Sa\u00fade (SES) promove o curso de Auriculoterapia, em parceria com o Minist\u00e9rio da Sa\u00fade e a Universidade Federal de Santa Catarina, para os trabalhadores da Aten\u00e7\u00e3o Prim\u00e1ria do Sistema \u00danico de Sa\u00fade (SUS) de todo &hellip;<\/p>\n","protected":false},"author":1,"featured_media":97595,"comment_status":"open","ping_status":"open","sticky":false,"template":"","format":"standard","meta":{"footnotes":""},"categories":[2],"tags":[],"class_list":["post-122034","post","type-post","status-publish","format-standard","has-post-thumbnail","hentry","category-saude"],"_links":{"self":[{"href":"https:\/\/iparaiba.com.br\/index.php\/wp-json\/wp\/v2\/posts\/122034","targetHints":{"allow":["GET"]}}],"collection":[{"href":"https:\/\/iparaiba.com.br\/index.php\/wp-json\/wp\/v2\/posts"}],"about":[{"href":"https:\/\/iparaiba.com.br\/index.php\/wp-json\/wp\/v2\/types\/post"}],"author":[{"embeddable":true,"href":"https:\/\/iparaiba.com.br\/index.php\/wp-json\/wp\/v2\/users\/1"}],"replies":[{"embeddable":true,"href":"https:\/\/iparaiba.com.br\/index.php\/wp-json\/wp\/v2\/comments?post=122034"}],"version-history":[{"count":1,"href":"https:\/\/iparaiba.com.br\/index.php\/wp-json\/wp\/v2\/posts\/122034\/revisions"}],"predecessor-version":[{"id":122054,"href":"https:\/\/iparaiba.com.br\/index.php\/wp-json\/wp\/v2\/posts\/122034\/revisions\/122054"}],"wp:featuredmedia":[{"embeddable":true,"href":"https:\/\/iparaiba.com.br\/index.php\/wp-json\/wp\/v2\/media\/97595"}],"wp:attachment":[{"href":"https:\/\/iparaiba.com.br\/index.php\/wp-json\/wp\/v2\/media?parent=122034"}],"wp:term":[{"taxonomy":"category","embeddable":true,"href":"https:\/\/iparaiba.com.br\/index.php\/wp-json\/wp\/v2\/categories?post=122034"},{"taxonomy":"post_tag","embeddable":true,"href":"https:\/\/iparaiba.com.br\/index.php\/wp-json\/wp\/v2\/tags?post=122034"}],"curies":[{"name":"wp","href":"https:\/\/api.w.org\/{rel}","templated":true}]}}