{"id":122033,"date":"2024-05-22T16:00:20","date_gmt":"2024-05-22T19:00:20","guid":{"rendered":"https:\/\/onordeste.com.br\/?p=122026"},"modified":"2024-05-22T16:00:20","modified_gmt":"2024-05-22T19:00:20","slug":"trauma-lanca-campanha-de-prevencao-as-queimaduras-2","status":"publish","type":"post","link":"https:\/\/iparaiba.com.br\/index.php\/2024\/05\/22\/trauma-lanca-campanha-de-prevencao-as-queimaduras-2\/","title":{"rendered":"Trauma lan\u00e7a Campanha de Preven\u00e7\u00e3o \u00e0s Queimaduras"},"content":{"rendered":"<p>O Hospital de Emerg\u00eancia e Trauma Dom Luiz Gonzaga Fernandes, que integra a Rede Hospitalar do Governo da Para\u00edba, em Campina Grande, lan\u00e7ou a 21\u00aa Campanha de Preven\u00e7\u00e3o \u00e0s Queimaduras. O evento ocorreu na Escola Estadual Cidad\u00e3 Integral T\u00e9cnica de Campina Grande Br\u00e1ulio Maia J\u00fanior.<\/p>\n<p>A mobiliza\u00e7\u00e3o, que segue at\u00e9 o dia 30 deste m\u00eas, tem o objetivo de reduzir o n\u00famero de pessoas queimadas neste per\u00edodo de festas juninas e sensibilizar a popula\u00e7\u00e3o sobre os cuidados para evitar acidentes. Na ocasi\u00e3o, foram apresentados dados de v\u00edtimas de queimaduras, al\u00e9m de distribui\u00e7\u00e3o de panfletos com orienta\u00e7\u00f5es sobre preven\u00e7\u00e3o de acidentes.\u00a0Durante toda a campanha, equipes de enfermeiros da Unidade de Tratamento de Queimados (UTQ) do Trauma-CG realizar\u00e3o a\u00e7\u00f5es educativas nas escolas e pontos tur\u00edsticos da cidade.<\/p>\n<p>A tenente do Corpo de Bombeiros, B\u00e1rbara Ara\u00fajo, ressaltou a import\u00e2ncia de campanhas educativas como a que iniciou hoje e destacou pontos importantes. \u201cHoje n\u00f3s trouxemos para abertura da campanha a palestra: Atendimento Pr\u00e9-Hospitalar, abordando o que pode ser feito no caso de emerg\u00eancias, nos casos de queimaduras,\u00a0 mostrar aos alunos o que eles podem fazer de imediato antes da chegada do Corpo de Bombeiros. Ent\u00e3o, caso aconte\u00e7a com eles ou com algu\u00e9m pr\u00f3ximo alguma situa\u00e7\u00e3o, a gente orienta principalmente a realizar o b\u00e1sico, que \u00e9 lavar a \u00e1rea afetada em \u00e1gua corrente, cobrir a queimadura caso ela venha abrir, ter o cuidado de resfri\u00e1-la e n\u00e3o colocar nada em cima, como gelo, pomadas e manter o local da queimadura livre para receber os cuidados hospitalares\u201d, enfatizou a tenente.\u00a0Ela disse ainda que toda a\u00e7\u00e3o de informa\u00e7\u00e3o com rela\u00e7\u00e3o ao Atendimento Pr\u00e9-Hospitalar \u00e9 importante e principalmente nesse per\u00edodo que antecede as festas juninas.<\/p>\n<p>A m\u00e9dica cirurgi\u00e3 pl\u00e1stica Isis Lacerda afirmou que a Campanha de Preven\u00e7\u00e3o \u00e0s Queimaduras tem papel importante na redu\u00e7\u00e3o direta nos n\u00fameros de atendimentos de v\u00edtimas de queimaduras, principalmente durante o S\u00e3o Jo\u00e3o. Ela cita, por exemplo, as pessoas que sofreram queimaduras causadas por fogueiras, cujos casos reduziram.<\/p>\n<p>Segundo a m\u00e9dica Isis Lacerda, \u00e9 importante que as primeiras a\u00e7\u00f5es, nos casos de queimaduras, sejam lavar o local atingido em \u00e1gua corrente e envolver em um pano limpo e procurar imediatamente o servi\u00e7o de sa\u00fade.<\/p>\n<p>O estudante Jefferson Vieira Virg\u00ednio, 15 anos, disse que campanhas de preven\u00e7\u00e3o a queimaduras s\u00e3o importantes para conscientizar os jovens como se cuidam, a fim de evitar as queimaduras e tamb\u00e9m como proceder em caso de se acidentar com fogo.<\/p>\n<p>Em 2023, a institui\u00e7\u00e3o hospitalar registrou 66 atendimentos na Unidade de Tratamento de Queimados, no per\u00edodo em que s\u00e3o comemoradas as festas juninas. Desse total, 14 pessoas foram atendidas com ferimentos causados por fogos, fogueiras e alimentos, sendo oito crian\u00e7as e seis adultos. O n\u00famero representou uma queda de 21% em rela\u00e7\u00e3o ao mesmo per\u00edodo de 2022.<\/p>\n<p>O Trauma-CG \u00e9 o \u00fanico na cidade que possui uma Unidade de Queimados com atendimento ambulatorial e hospitalar durante 24h, atendendo \u00e0 popula\u00e7\u00e3o do Compartimento da Borborema. A unidade \u00e9 composta por equipe multiprofissional como m\u00e9dicos, enfermeiros, cirurgi\u00f5es pl\u00e1sticos, assistente social, fisioterapeutas, psic\u00f3logos e nutricionistas.<\/p>\n","protected":false},"excerpt":{"rendered":"<p>O Hospital de Emerg\u00eancia e Trauma Dom Luiz Gonzaga Fernandes, que integra a Rede Hospitalar do Governo da Para\u00edba, em Campina Grande, lan\u00e7ou a 21\u00aa Campanha de Preven\u00e7\u00e3o \u00e0s Queimaduras. O evento ocorreu na Escola Estadual Cidad\u00e3 Integral T\u00e9cnica de Campina Grande Br\u00e1ulio Maia J\u00fanior. A mobiliza\u00e7\u00e3o, que segue at\u00e9 o dia 30 deste m\u00eas, &hellip;<\/p>\n","protected":false},"author":1,"featured_media":108980,"comment_status":"open","ping_status":"open","sticky":false,"template":"","format":"standard","meta":{"footnotes":""},"categories":[2],"tags":[],"class_list":["post-122033","post","type-post","status-publish","format-standard","has-post-thumbnail","hentry","category-saude"],"_links":{"self":[{"href":"https:\/\/iparaiba.com.br\/index.php\/wp-json\/wp\/v2\/posts\/122033","targetHints":{"allow":["GET"]}}],"collection":[{"href":"https:\/\/iparaiba.com.br\/index.php\/wp-json\/wp\/v2\/posts"}],"about":[{"href":"https:\/\/iparaiba.com.br\/index.php\/wp-json\/wp\/v2\/types\/post"}],"author":[{"embeddable":true,"href":"https:\/\/iparaiba.com.br\/index.php\/wp-json\/wp\/v2\/users\/1"}],"replies":[{"embeddable":true,"href":"https:\/\/iparaiba.com.br\/index.php\/wp-json\/wp\/v2\/comments?post=122033"}],"version-history":[{"count":1,"href":"https:\/\/iparaiba.com.br\/index.php\/wp-json\/wp\/v2\/posts\/122033\/revisions"}],"predecessor-version":[{"id":122053,"href":"https:\/\/iparaiba.com.br\/index.php\/wp-json\/wp\/v2\/posts\/122033\/revisions\/122053"}],"wp:featuredmedia":[{"embeddable":true,"href":"https:\/\/iparaiba.com.br\/index.php\/wp-json\/wp\/v2\/media\/108980"}],"wp:attachment":[{"href":"https:\/\/iparaiba.com.br\/index.php\/wp-json\/wp\/v2\/media?parent=122033"}],"wp:term":[{"taxonomy":"category","embeddable":true,"href":"https:\/\/iparaiba.com.br\/index.php\/wp-json\/wp\/v2\/categories?post=122033"},{"taxonomy":"post_tag","embeddable":true,"href":"https:\/\/iparaiba.com.br\/index.php\/wp-json\/wp\/v2\/tags?post=122033"}],"curies":[{"name":"wp","href":"https:\/\/api.w.org\/{rel}","templated":true}]}}