{"id":122031,"date":"2024-05-22T12:00:27","date_gmt":"2024-05-22T15:00:27","guid":{"rendered":"https:\/\/onordeste.com.br\/?p=122022"},"modified":"2024-05-22T12:00:27","modified_gmt":"2024-05-22T15:00:27","slug":"oab-solicita-utilizacao-do-fundo-de-defesa-de-direitos-difusos-para-a-reparacao-de-danos-no-rs","status":"publish","type":"post","link":"https:\/\/iparaiba.com.br\/index.php\/2024\/05\/22\/oab-solicita-utilizacao-do-fundo-de-defesa-de-direitos-difusos-para-a-reparacao-de-danos-no-rs\/","title":{"rendered":"OAB solicita utiliza\u00e7\u00e3o do Fundo de Defesa de Direitos Difusos para a repara\u00e7\u00e3o de danos no RS"},"content":{"rendered":"<p>Em resposta \u00e0 grave crise clim\u00e1tica que assola o Rio Grande do Sul, a OAB Nacional encaminhou um of\u00edcio ao ministro da Secretaria Extraordin\u00e1ria da Presid\u00eancia da Rep\u00fablica para Apoio \u00e0 Reconstru\u00e7\u00e3o do Rio Grande do Sul, Paulo Pimenta. No documento, a Ordem sugere e solicita a utiliza\u00e7\u00e3o do Fundo de Defesa de Direitos Difusos (FDD) para auxiliar na repara\u00e7\u00e3o dos danos e na mitiga\u00e7\u00e3o dos impactos da trag\u00e9dia.<\/p>\n<p>Desde o final de abril, o Rio Grande do Sul tem enfrentado chuvas intensas que resultaram em graves enchentes, afetando 467 munic\u00edpios e mais de dois milh\u00f5es de pessoas. Segundo o of\u00edcio, &#8220;154 \u00f3bitos confirmados, mais de 800 pessoas feridas e cerca de 600 mil desalojados&#8221; ilustram a magnitude da crise.<\/p>\n<p>O Conselho Federal da OAB destaca, ainda, que \u00e9 preciso uni\u00e3o entre o Poder P\u00fablico e a sociedade civil para enfrentar os desafios impostos pela cat\u00e1strofe. De acordo com o documento, a trag\u00e9dia &#8220;revela a necessidade da uni\u00e3o de for\u00e7as do Poder P\u00fablico e da sociedade civil no sentido reparar e mitigar os enormes danos ocasionados, bem como restituir os direitos individuais e coletivos duramente violados&#8221;.<\/p>\n<p><b>Recursos<\/b><\/p>\n<p>O Fundo de Defesa de Direitos Difusos, criado pela Lei n\u00ba 7.347 de 1985 e consolidado pela Lei n\u00ba 9.008 de 1995, tem como objetivo a repara\u00e7\u00e3o de danos ao meio ambiente, ao consumidor e a outros interesses difusos e coletivos. A OAB argumenta que a aplica\u00e7\u00e3o dos recursos do FDD \u00e9 compat\u00edvel com a situa\u00e7\u00e3o atual no Rio Grande do Sul, pois a trag\u00e9dia causou &#8220;enormes danos ao estado&#8221;, incluindo a destrui\u00e7\u00e3o de cidades, patrim\u00f4nio hist\u00f3rico e cultural, al\u00e9m do deslocamento for\u00e7ado de milhares de pessoas.<\/p>\n<p>Em seu apelo, o CFOAB ressalta a import\u00e2ncia do Fundo como uma ferramenta fundamental para viabilizar o apoio financeiro necess\u00e1rio \u00e0 reconstru\u00e7\u00e3o do estado. A institui\u00e7\u00e3o solicita que o ministro Paulo Pimenta adote as medidas necess\u00e1rias junto ao Conselho Gestor do FDD e ao Minist\u00e9rio da Justi\u00e7a para garantir a disponibiliza\u00e7\u00e3o dos recursos.<\/p>\n<p>Leia\u00a0<a href=\"https:\/\/s.oab.org.br\/arquivos\/2024\/05\/7edd8f45-8496-4f19-ae92-1aa94f49f284.pdf\" target=\"_blank\" rel=\"noopener\">aqui<\/a>\u00a0a \u00edntegra do of\u00edcio<\/p>\n","protected":false},"excerpt":{"rendered":"<p>Em resposta \u00e0 grave crise clim\u00e1tica que assola o Rio Grande do Sul, a OAB Nacional encaminhou um of\u00edcio ao ministro da Secretaria Extraordin\u00e1ria da Presid\u00eancia da Rep\u00fablica para Apoio \u00e0 Reconstru\u00e7\u00e3o do Rio Grande do Sul, Paulo Pimenta. No documento, a Ordem sugere e solicita a utiliza\u00e7\u00e3o do Fundo de Defesa de Direitos Difusos &hellip;<\/p>\n","protected":false},"author":1,"featured_media":101629,"comment_status":"open","ping_status":"open","sticky":false,"template":"","format":"standard","meta":{"footnotes":""},"categories":[10],"tags":[],"class_list":["post-122031","post","type-post","status-publish","format-standard","has-post-thumbnail","hentry","category-manchetes"],"_links":{"self":[{"href":"https:\/\/iparaiba.com.br\/index.php\/wp-json\/wp\/v2\/posts\/122031","targetHints":{"allow":["GET"]}}],"collection":[{"href":"https:\/\/iparaiba.com.br\/index.php\/wp-json\/wp\/v2\/posts"}],"about":[{"href":"https:\/\/iparaiba.com.br\/index.php\/wp-json\/wp\/v2\/types\/post"}],"author":[{"embeddable":true,"href":"https:\/\/iparaiba.com.br\/index.php\/wp-json\/wp\/v2\/users\/1"}],"replies":[{"embeddable":true,"href":"https:\/\/iparaiba.com.br\/index.php\/wp-json\/wp\/v2\/comments?post=122031"}],"version-history":[{"count":1,"href":"https:\/\/iparaiba.com.br\/index.php\/wp-json\/wp\/v2\/posts\/122031\/revisions"}],"predecessor-version":[{"id":122051,"href":"https:\/\/iparaiba.com.br\/index.php\/wp-json\/wp\/v2\/posts\/122031\/revisions\/122051"}],"wp:featuredmedia":[{"embeddable":true,"href":"https:\/\/iparaiba.com.br\/index.php\/wp-json\/wp\/v2\/media\/101629"}],"wp:attachment":[{"href":"https:\/\/iparaiba.com.br\/index.php\/wp-json\/wp\/v2\/media?parent=122031"}],"wp:term":[{"taxonomy":"category","embeddable":true,"href":"https:\/\/iparaiba.com.br\/index.php\/wp-json\/wp\/v2\/categories?post=122031"},{"taxonomy":"post_tag","embeddable":true,"href":"https:\/\/iparaiba.com.br\/index.php\/wp-json\/wp\/v2\/tags?post=122031"}],"curies":[{"name":"wp","href":"https:\/\/api.w.org\/{rel}","templated":true}]}}