{"id":122028,"date":"2024-05-22T06:00:59","date_gmt":"2024-05-22T09:00:59","guid":{"rendered":"https:\/\/onordeste.com.br\/?p=122016"},"modified":"2024-05-22T06:00:59","modified_gmt":"2024-05-22T09:00:59","slug":"liberacao-de-r-56-milhoes-em-emendas-cidadas","status":"publish","type":"post","link":"https:\/\/iparaiba.com.br\/index.php\/2024\/05\/22\/liberacao-de-r-56-milhoes-em-emendas-cidadas\/","title":{"rendered":"Libera\u00e7\u00e3o de R$ 5,6 milh\u00f5es em Emendas Cidad\u00e3s"},"content":{"rendered":"<p>Uma comitiva de vereadores acompanhou a libera\u00e7\u00e3o de R$ 5,6 milh\u00f5es em Emendas Cidad\u00e3s feita pelo prefeito C\u00edcero Lucena (PP). Ao todo foram 13 entidades beneficiadas com recursos destinados pelos parlamentares, entre hospitais, associa\u00e7\u00f5es e institui\u00e7\u00f5es filantr\u00f3picas.<\/p>\n<p>O presidente da CMJP, vereador Dinho (Avante), revelou que os vereadores Dam\u00e1sio Franca (PP), Marcilio do HBE (Republicanos) e Milanez Neto (MDB) disponibilizaram R$ 220 mil reais para a Comunidade Cat\u00f3lica em Adora\u00e7\u00e3o. \u201cEsta Comunidade tem um trabalho religioso e social excepcional. \u00c9 uma entidade respeitosa, que sabe lidar com o dinheiro p\u00fablico. \u00c9 bastante importante que a C\u00e2mara fa\u00e7a parte disso com essas Emendas Impositivas, ajudando no or\u00e7amento financeiro de institui\u00e7\u00f5es filantr\u00f3picas. O prefeito C\u00edcero Lucena cumpre seu papel liberando esses valores. Hoje, j\u00e1 fomos no Instituto C\u00e2ndida Vargas, no Hospital Padre Z\u00e9, Hospital Santa Isabel, em\u00a0 v\u00e1rias entidades que\u00a0 fazem o bem pra a popula\u00e7\u00e3o de Jo\u00e3o Pessoa\u201d, asseverou.<\/p>\n<p>O prefeito C\u00edcero Lucena (PP) destacou que a entrega das emendas marca a uni\u00e3o entre os poderes Executivo e Legislativo para a melhora da qualidade de vida dos pessoenses. \u201c\u00c9 um exemplo do reconhecimento do poder Executivo ao trabalho valoroso que \u00e9 feito pelos vereadores nas comunidades, debatendo com a popula\u00e7\u00e3o, identificando os problemas e, mais do que isso, trabalhando juntos para encontrarmos a solu\u00e7\u00e3o. \u00c9 um dia de celebra\u00e7\u00e3o por estarmos entregando parte das emendas, atrav\u00e9s das quais os vereadores t\u00eam a op\u00e7\u00e3o de selecionar e indicar servi\u00e7os em favor de nossa cidade\u201d, declarou o prefeito, salientando ainda o poder das emendas de aproximar os poderes das reais necessidades da Capital.<\/p>\n<p>\u201cHoje, estamos em caravana por Jo\u00e3o Pessoa para entregar R$5,6 milh\u00f5es em emendas impositivas, visitando e acompanhando o trabalho de cada entidade e vendo o trabalho que est\u00e1 sendo feito pela cidade\u201d, declarou o vereador Jo\u00e3o Corujinha (PP).<\/p>\n<p>Bosquinho (PV) destacou a import\u00e2ncia das emendas impositivas. \u201c\u00c9 um momento de felicidade e alegria, na condi\u00e7\u00e3o de vereador, estarmos com esse instrumento que \u00e9 a Emenda Impositiva. \u00c9 com ela que podemos efetivamente ajudar e atender as demandas da popula\u00e7\u00e3o\u201d, afirmou o parlamentar, que destinou, juntamente com o deputado federal Mersinho Lucena, R$75 mil para a Comunidade Cat\u00f3lica em Adora\u00e7\u00e3o.<\/p>\n<p>O vereador Dam\u00e1sio Franca (PP) tamb\u00e9m teve emenda destinada \u00e0 Comunidade Cat\u00f3lica em Adora\u00e7\u00e3o. \u201cQuero agradecer ao prefeito pela sensibilidade de executar as Emendas Impositivas, que na verdade s\u00e3o solicita\u00e7\u00f5es dos cidad\u00e3os pessoenses. Destinamos emenda no valor de R$120 mil para a aquisi\u00e7\u00e3o de um ve\u00edculo, que vai incentivar e ajudar cada vez mais institui\u00e7\u00f5es que t\u00eam um trabalho s\u00e9rio, como aqui\u201d, afirmou.<\/p>\n<p>O presidente do Conselho Administrativo da Comunidade Em Adora\u00e7\u00e3o, Ot\u00e1vio Ney, ressaltou a import\u00e2ncia dessa parceria com o poder p\u00fablico para que a Comunidade possa continuar atendendo a popula\u00e7\u00e3o, sem depender da disponibilidade dos seus membros. \u201cAo longo do tempo n\u00f3s vamos agregando pessoas a partir da evangeliza\u00e7\u00e3o. Essas pessoas, que t\u00eam experi\u00eancias com Deus, querem traduzir isso no trabalho social, ajudando ao pr\u00f3ximo. A comunidade sempre foi mantida por esses membros que passam por aqui. Mas, chega um momento em que j\u00e1 n\u00e3o \u00e9 mais poss\u00edvel a gente manter nossas a\u00e7\u00f5es por conta pr\u00f3pria. Ent\u00e3o, surge a necessidade desse apoio do setor p\u00fablico, dessa parceria para que a gente possa atender a popula\u00e7\u00e3o, as pessoas que est\u00e3o no nosso raio de a\u00e7\u00e3o, e possa ampliar a miss\u00e3o cada vez mais, sem depender tanto da quantidade de membros que por aqui passam\u201d, explicou.<\/p>\n<p>A consagrada da Comunidade Casa da Paz, Maria de Nazar\u00e9 Ivoneide Vit\u00f3ria de Freitas, destacou a import\u00e2ncia da ajuda vinda do poder p\u00fablico. \u201cVivemos unicamente da provid\u00eancia divina. Essa ajuda se torna sinal da provid\u00eancia de Deus em nosso trabalho social. Essa emenda ser\u00e1 aplicada nos nossos projetos para crian\u00e7as e m\u00e3es solteiras que acolhemos\u201d, explicou.<\/p>\n<p>CMJP<\/p>\n","protected":false},"excerpt":{"rendered":"<p>Uma comitiva de vereadores acompanhou a libera\u00e7\u00e3o de R$ 5,6 milh\u00f5es em Emendas Cidad\u00e3s feita pelo prefeito C\u00edcero Lucena (PP). Ao todo foram 13 entidades beneficiadas com recursos destinados pelos parlamentares, entre hospitais, associa\u00e7\u00f5es e institui\u00e7\u00f5es filantr\u00f3picas. O presidente da CMJP, vereador Dinho (Avante), revelou que os vereadores Dam\u00e1sio Franca (PP), Marcilio do HBE (Republicanos) &hellip;<\/p>\n","protected":false},"author":1,"featured_media":102730,"comment_status":"open","ping_status":"open","sticky":false,"template":"","format":"standard","meta":{"footnotes":""},"categories":[7],"tags":[],"class_list":["post-122028","post","type-post","status-publish","format-standard","has-post-thumbnail","hentry","category-diversas"],"_links":{"self":[{"href":"https:\/\/iparaiba.com.br\/index.php\/wp-json\/wp\/v2\/posts\/122028","targetHints":{"allow":["GET"]}}],"collection":[{"href":"https:\/\/iparaiba.com.br\/index.php\/wp-json\/wp\/v2\/posts"}],"about":[{"href":"https:\/\/iparaiba.com.br\/index.php\/wp-json\/wp\/v2\/types\/post"}],"author":[{"embeddable":true,"href":"https:\/\/iparaiba.com.br\/index.php\/wp-json\/wp\/v2\/users\/1"}],"replies":[{"embeddable":true,"href":"https:\/\/iparaiba.com.br\/index.php\/wp-json\/wp\/v2\/comments?post=122028"}],"version-history":[{"count":1,"href":"https:\/\/iparaiba.com.br\/index.php\/wp-json\/wp\/v2\/posts\/122028\/revisions"}],"predecessor-version":[{"id":122048,"href":"https:\/\/iparaiba.com.br\/index.php\/wp-json\/wp\/v2\/posts\/122028\/revisions\/122048"}],"wp:featuredmedia":[{"embeddable":true,"href":"https:\/\/iparaiba.com.br\/index.php\/wp-json\/wp\/v2\/media\/102730"}],"wp:attachment":[{"href":"https:\/\/iparaiba.com.br\/index.php\/wp-json\/wp\/v2\/media?parent=122028"}],"wp:term":[{"taxonomy":"category","embeddable":true,"href":"https:\/\/iparaiba.com.br\/index.php\/wp-json\/wp\/v2\/categories?post=122028"},{"taxonomy":"post_tag","embeddable":true,"href":"https:\/\/iparaiba.com.br\/index.php\/wp-json\/wp\/v2\/tags?post=122028"}],"curies":[{"name":"wp","href":"https:\/\/api.w.org\/{rel}","templated":true}]}}