{"id":122009,"date":"2024-05-16T06:25:32","date_gmt":"2024-05-16T09:25:32","guid":{"rendered":"https:\/\/onordeste.com.br\/?p=121972"},"modified":"2024-05-16T06:25:32","modified_gmt":"2024-05-16T09:25:32","slug":"cpp-e-favoravel-a-projeto-que-trata-de-faixa-de-pedestre-e-sinalizacao","status":"publish","type":"post","link":"https:\/\/iparaiba.com.br\/index.php\/2024\/05\/16\/cpp-e-favoravel-a-projeto-que-trata-de-faixa-de-pedestre-e-sinalizacao\/","title":{"rendered":"CPP \u00e9 favor\u00e1vel a projeto que trata de faixa de pedestre e sinaliza\u00e7\u00e3o"},"content":{"rendered":"<p style=\"font-weight: 400;\">A Comiss\u00e3o de Pol\u00edticas P\u00fablicas (CPP) da C\u00e2mara Municipal de Jo\u00e3o Pessoa (CMJP) foi favor\u00e1vel ao Projeto de Lei Complementar (PLC) que trata da sinaliza\u00e7\u00e3o das ruas da Capital paraibana. Ainda foram acatados 19 Projetos de Lei Ordin\u00e1ria (PLO).<\/p>\n<p style=\"font-weight: 400;\">O PLC , de Dam\u00e1sio Franca (PP), acrescenta o art. 90 \u2013 A \u00e0 Lei Complementar 07\/1995, que institui o C\u00f3digo de Posturas do Munic\u00edpio de Jo\u00e3o Pessoa, que passa a ter a seguinte reda\u00e7\u00e3o: \u201cA faixa de pedestre na via p\u00fablica deve ter largura compat\u00edvel com o volume de pedestres e garantir, por meio de demarca\u00e7\u00e3o com sinaliza\u00e7\u00e3o horizontal, passagem separada em ambos os sentidos, evitando colis\u00e3o de pedestres\u201d. J\u00e1 o \u00a7 1\u00ba fica com a seguinte reda\u00e7\u00e3o: \u201cNos trechos de maior fluxo de ve\u00edculos e n\u00e3o sinalizados por sem\u00e1foro, ser\u00e1 implantado sistema de sinaliza\u00e7\u00e3o luminosa especial de faixa de pedestre, que ser\u00e1 acionado pelo pr\u00f3prio pedestre por meio de um bot\u00e3o, ou atrav\u00e9s de intelig\u00eancia artificial que identifique a presen\u00e7a humana em faixa de pedestres\u201d. Por sua vez, o \u00a7 2\u00ba preconiza que o sistema de sinaliza\u00e7\u00e3o luminosa especial de faixa de pedestre ser\u00e1 alimentado por pain\u00e9is solares, que emitir\u00e3o sinais luminosos de LED durante a travessia, por per\u00edodo program\u00e1vel, informando aos ve\u00edculos que devem aguardar os pedestres atravessarem, ao mesmo tempo em que sinaliza o momento correto para o pedestre realizar a travessia.<\/p>\n<p style=\"font-weight: 400;\"><a href=\"https:\/\/sapl.joaopessoa.pb.leg.br\/materia\/pesquisar-materia?tipo=5&amp;ementa=&amp;numero=37&amp;numeracao__numero_materia=&amp;numero_protocolo=&amp;ano=2023&amp;autoria__autor=&amp;autoria__primeiro_autor=unknown&amp;autoria__autor__tipo=&amp;autoria__autor__parlamentar_set__filiacao__part\" data-saferedirecturl=\"https:\/\/www.google.com\/url?q=https:\/\/sapl.joaopessoa.pb.leg.br\/materia\/pesquisar-materia?tipo%3D5%26ementa%3D%26numero%3D37%26numeracao__numero_materia%3D%26numero_protocolo%3D%26ano%3D2023%26autoria__autor%3D%26autoria__primeiro_autor%3Dunknown%26autoria__autor__tipo%3D%26autoria__autor__parlamentar_set__filiacao__part&amp;source=gmail&amp;ust=1715959351892000&amp;usg=AOvVaw1msUk_z8UFfYFxE_Gv5STC\">37\/2023<\/a><\/p>\n<p style=\"font-weight: 400;\">Entre os projetos com parecer favor\u00e1vel foi destaque o PLO , de autoria do Executivo Municipal, instituindo o Programa de Prote\u00e7\u00e3o \u00e0 Vida de Crian\u00e7as e Adolescentes Amea\u00e7ados de Morte (PPVIDA\/JP), destinado ao desenvolvimento de a\u00e7\u00f5es do acolhimento institucional e prote\u00e7\u00e3o integral das crian\u00e7as e adolescente expostos a graves amea\u00e7as. O programa ser\u00e1 coordenado pela Secretaria de Direitos Humanos e Cidadania (SEDHUC), no \u00e2mbito da Prote\u00e7\u00e3o Social Especial de Alta Complexidade, subordinada \u00e0 Diretoria de Assist\u00eancia Social (DAS). Constitui p\u00fablico-alvo do PPVIDA\/JP: crian\u00e7as e adolescentes em situa\u00e7\u00e3o de risco pessoal, de amea\u00e7a de morte. A prote\u00e7\u00e3o poder\u00e1 ser estendida aos pais ou respons\u00e1veis, c\u00f4njuges, companheiros, descendentes, dependentes, colaterais e aos que tenham, comprovadamente, conviv\u00eancia habitual com o amea\u00e7ado, quando a amea\u00e7a houver se estendido a estas pessoas.<\/p>\n<p style=\"font-weight: 400;\"><a href=\"https:\/\/sapl.joaopessoa.pb.leg.br\/materia\/pesquisar-materia?tipo=1&amp;ementa=&amp;numero=2005&amp;numeracao__numero_materia=&amp;numero_protocolo=&amp;ano=2024&amp;autoria__autor=&amp;autoria__primeiro_autor=unknown&amp;autoria__autor__tipo=&amp;autoria__autor__parlamentar_set__filiacao__pa\" data-saferedirecturl=\"https:\/\/www.google.com\/url?q=https:\/\/sapl.joaopessoa.pb.leg.br\/materia\/pesquisar-materia?tipo%3D1%26ementa%3D%26numero%3D2005%26numeracao__numero_materia%3D%26numero_protocolo%3D%26ano%3D2024%26autoria__autor%3D%26autoria__primeiro_autor%3Dunknown%26autoria__autor__tipo%3D%26autoria__autor__parlamentar_set__filiacao__pa&amp;source=gmail&amp;ust=1715959351893000&amp;usg=AOvVaw1x9-QcOFImQY8VayqyQtTS\">2005\/2024<\/a><\/p>\n<p style=\"font-weight: 400;\">Excepcionalmente, as a\u00e7\u00f5es do PPVIDA\/JP podem ser estendidas a jovens com at\u00e9 vinte e um anos, quando egressos do sistema socioeducativo e de entidades que desenvolvam programas de interna\u00e7\u00e3o ou acolhimento institucional, conforme Artigo 94, inciso XVIII, \u00a71\u00ba do Estatuto da Crian\u00e7a e do Adolescente.<\/p>\n<p style=\"font-weight: 400;\">Outra mat\u00e9ria com parecer favor\u00e1vel foi o PLO , de Marcos Henriques (PT), que suprime o \u00a7 2\u00ba do Artigo 4\u00ba da Lei Municipal n\u00ba 13.080\/2015. Art. 2\u00ba. \u201cA presente modifica\u00e7\u00e3o visa t\u00e3o somente adequar a legisla\u00e7\u00e3o municipal ao que disp\u00f5e a Lei n\u00ba 10.648\/2016, de mesmo teor. Ocorre que a lei municipal cont\u00e9m dispositivo que vincula, condena, o servi\u00e7o prestado pelas doulas ao voluntariado, impedindo, inclusive que o munic\u00edpio de Jo\u00e3o Pessoa possa avan\u00e7ar no desenvolvimento de uma pol\u00edtica p\u00fablica de valoriza\u00e7\u00e3o, forma\u00e7\u00e3o e aperfei\u00e7oamento de uma \u00e1rea que promove a qualidade do parto, assegurando \u00e0s parturientes seguran\u00e7a e aten\u00e7\u00e3o no pr\u00e9-natal, no parto e no puerp\u00e9rio\u201d, justifica o propositor.<\/p>\n<p style=\"font-weight: 400;\"><a href=\"https:\/\/sapl.joaopessoa.pb.leg.br\/materia\/pesquisar-materia?tipo=1&amp;ementa=&amp;numero=1959&amp;numeracao__numero_materia=&amp;numero_protocolo=&amp;ano=2024&amp;autoria__autor=&amp;autoria__primeiro_autor=unknown&amp;autoria__autor__tipo=&amp;autoria__autor__parlamentar_set__filiacao__pa\" data-saferedirecturl=\"https:\/\/www.google.com\/url?q=https:\/\/sapl.joaopessoa.pb.leg.br\/materia\/pesquisar-materia?tipo%3D1%26ementa%3D%26numero%3D1959%26numeracao__numero_materia%3D%26numero_protocolo%3D%26ano%3D2024%26autoria__autor%3D%26autoria__primeiro_autor%3Dunknown%26autoria__autor__tipo%3D%26autoria__autor__parlamentar_set__filiacao__pa&amp;source=gmail&amp;ust=1715959351893000&amp;usg=AOvVaw1QIUqrU3FwHl6ddOBhKl76\">1959\/2024<\/a><\/p>\n<p style=\"font-weight: 400;\">Marcos Henriques ainda ressaltou que, em todo o pa\u00eds, o trabalho das doulas tem sido objeto de valoriza\u00e7\u00e3o, haja vista a necessidade de avan\u00e7ar na humaniza\u00e7\u00e3o dos servi\u00e7os de sa\u00fade, p\u00fablicos e privados. \u201cEste movimento deve caminhar pari passo \u00e0s a\u00e7\u00f5es que se prop\u00f5em a avan\u00e7ar na constru\u00e7\u00e3o do marco regulat\u00f3rio em defer\u00eancia do trabalho das doulas\u201d, asseverou.<\/p>\n<p style=\"font-weight: 400;\">O colegiado ainda aprovou um requerimento solicitando a realiza\u00e7\u00e3o de audi\u00eancia p\u00fablica sobre o esgotamento sanit\u00e1rio nas praias de Jo\u00e3o Pessoa, no pr\u00f3ximo dia 22 de maio, \u00e0s 9h, no Plen\u00e1rio Senador Humberto Lucena, na sede do Legislativo Municipal.<\/p>\n<p>CMJP<\/p>\n","protected":false},"excerpt":{"rendered":"<p>A Comiss\u00e3o de Pol\u00edticas P\u00fablicas (CPP) da C\u00e2mara Municipal de Jo\u00e3o Pessoa (CMJP) foi favor\u00e1vel ao Projeto de Lei Complementar (PLC) que trata da sinaliza\u00e7\u00e3o das ruas da Capital paraibana. Ainda foram acatados 19 Projetos de Lei Ordin\u00e1ria (PLO). O PLC , de Dam\u00e1sio Franca (PP), acrescenta o art. 90 \u2013 A \u00e0 Lei Complementar &hellip;<\/p>\n","protected":false},"author":1,"featured_media":116544,"comment_status":"open","ping_status":"open","sticky":false,"template":"","format":"standard","meta":{"footnotes":""},"categories":[8],"tags":[],"class_list":["post-122009","post","type-post","status-publish","format-standard","has-post-thumbnail","hentry","category-politica"],"_links":{"self":[{"href":"https:\/\/iparaiba.com.br\/index.php\/wp-json\/wp\/v2\/posts\/122009","targetHints":{"allow":["GET"]}}],"collection":[{"href":"https:\/\/iparaiba.com.br\/index.php\/wp-json\/wp\/v2\/posts"}],"about":[{"href":"https:\/\/iparaiba.com.br\/index.php\/wp-json\/wp\/v2\/types\/post"}],"author":[{"embeddable":true,"href":"https:\/\/iparaiba.com.br\/index.php\/wp-json\/wp\/v2\/users\/1"}],"replies":[{"embeddable":true,"href":"https:\/\/iparaiba.com.br\/index.php\/wp-json\/wp\/v2\/comments?post=122009"}],"version-history":[{"count":0,"href":"https:\/\/iparaiba.com.br\/index.php\/wp-json\/wp\/v2\/posts\/122009\/revisions"}],"wp:featuredmedia":[{"embeddable":true,"href":"https:\/\/iparaiba.com.br\/index.php\/wp-json\/wp\/v2\/media\/116544"}],"wp:attachment":[{"href":"https:\/\/iparaiba.com.br\/index.php\/wp-json\/wp\/v2\/media?parent=122009"}],"wp:term":[{"taxonomy":"category","embeddable":true,"href":"https:\/\/iparaiba.com.br\/index.php\/wp-json\/wp\/v2\/categories?post=122009"},{"taxonomy":"post_tag","embeddable":true,"href":"https:\/\/iparaiba.com.br\/index.php\/wp-json\/wp\/v2\/tags?post=122009"}],"curies":[{"name":"wp","href":"https:\/\/api.w.org\/{rel}","templated":true}]}}