{"id":122007,"date":"2024-05-16T13:24:04","date_gmt":"2024-05-16T16:24:04","guid":{"rendered":"https:\/\/onordeste.com.br\/?p=121968"},"modified":"2024-05-16T13:24:04","modified_gmt":"2024-05-16T16:24:04","slug":"prefeitura-realiza-acao-para-assistentes-sociais-da-semas","status":"publish","type":"post","link":"https:\/\/iparaiba.com.br\/index.php\/2024\/05\/16\/prefeitura-realiza-acao-para-assistentes-sociais-da-semas\/","title":{"rendered":"Prefeitura realiza a\u00e7\u00e3o para assistentes sociais da Semas"},"content":{"rendered":"<p style=\"font-weight: 400;\">A Prefeitura de Campina Grande, atrav\u00e9s da Secretaria de Assist\u00eancia Social (Semas), realizou uma palestra e caf\u00e9 da manh\u00e3 para cerca de 60 pessoas, em alus\u00e3o ao Dia do Assistente Social, comemorado na data de hoje. A a\u00e7\u00e3o aconteceu na sede da Secretaria, no bairro Alto Branco e foi ministrada pela professora Maria Tejo, que trabalha na \u00e1rea h\u00e1 sessenta anos.<\/p>\n<p style=\"font-weight: 400;\">Na oportunidade, a professora aposentada da Universidade Estadual da Para\u00edba (UEPB), e servidora da Semas pelo setor de Planejamentos e Projetos, abordou sobre os avan\u00e7os alcan\u00e7ados pela assist\u00eancia social nos \u00e2mbitos nacional, estadual e municipal, refor\u00e7ando a import\u00e2ncia do trabalho exercido pelos profissionais da \u00e1rea, no que compete combater as situa\u00e7\u00f5es de vulnerabilidade social nos territ\u00f3rios.<\/p>\n<p style=\"font-weight: 400;\">\u201cA ideia foi trazer uma palavra de motiva\u00e7\u00e3o e parabeniza\u00e7\u00e3o para os nossos assistentes sociais, uma profiss\u00e3o t\u00e3o importante e que ajuda a transformar a sociedade em realidades mais dignas. Ao longo da minha carreira acompanhei v\u00e1rias mudan\u00e7as importantes, ent\u00e3o pontuei algumas estrat\u00e9gias para termos ainda mais avan\u00e7os, com respaldo nas leis e na \u00e9tica profissional\u201d, disse Maria Tejo.<\/p>\n<p style=\"font-weight: 400;\">Durante o evento, o secret\u00e1rio da Semas, F\u00e1bio Thoma, refor\u00e7ou a import\u00e2ncia dos profissionais para o Munic\u00edpio. \u201cA gest\u00e3o tem esse olhar de ampliar e facilitar ainda mais o trabalho dos assistentes sociais, al\u00e9m disso, h\u00e1 uma busca para dar continuidade a tudo que vem funcionando para essas amplia\u00e7\u00f5es e melhorias nas condi\u00e7\u00f5es de trabalho, porque \u00e9 um servi\u00e7o voltado para as pessoas que mais precisam\u201d, disse o secret\u00e1rio.<\/p>\n<p style=\"font-weight: 400;\">Ainda na a\u00e7\u00e3o, a professora Maria Tejo anunciou a doa\u00e7\u00e3o de sua biblioteca particular para a Secretaria. O acervo, que conta com mais de 100 livros, \u00e9 voltado \u00e0 tem\u00e1tica do servi\u00e7o social e ser\u00e1 destinado \u00e0s unidades da pasta. A entrega do material ser\u00e1 agendada pela professora e a administra\u00e7\u00e3o da pasta.<\/p>\n","protected":false},"excerpt":{"rendered":"<p>A Prefeitura de Campina Grande, atrav\u00e9s da Secretaria de Assist\u00eancia Social (Semas), realizou uma palestra e caf\u00e9 da manh\u00e3 para cerca de 60 pessoas, em alus\u00e3o ao Dia do Assistente Social, comemorado na data de hoje. A a\u00e7\u00e3o aconteceu na sede da Secretaria, no bairro Alto Branco e foi ministrada pela professora Maria Tejo, que &hellip;<\/p>\n","protected":false},"author":1,"featured_media":101760,"comment_status":"open","ping_status":"open","sticky":false,"template":"","format":"standard","meta":{"footnotes":""},"categories":[15],"tags":[],"class_list":["post-122007","post","type-post","status-publish","format-standard","has-post-thumbnail","hentry","category-links"],"_links":{"self":[{"href":"https:\/\/iparaiba.com.br\/index.php\/wp-json\/wp\/v2\/posts\/122007","targetHints":{"allow":["GET"]}}],"collection":[{"href":"https:\/\/iparaiba.com.br\/index.php\/wp-json\/wp\/v2\/posts"}],"about":[{"href":"https:\/\/iparaiba.com.br\/index.php\/wp-json\/wp\/v2\/types\/post"}],"author":[{"embeddable":true,"href":"https:\/\/iparaiba.com.br\/index.php\/wp-json\/wp\/v2\/users\/1"}],"replies":[{"embeddable":true,"href":"https:\/\/iparaiba.com.br\/index.php\/wp-json\/wp\/v2\/comments?post=122007"}],"version-history":[{"count":0,"href":"https:\/\/iparaiba.com.br\/index.php\/wp-json\/wp\/v2\/posts\/122007\/revisions"}],"wp:featuredmedia":[{"embeddable":true,"href":"https:\/\/iparaiba.com.br\/index.php\/wp-json\/wp\/v2\/media\/101760"}],"wp:attachment":[{"href":"https:\/\/iparaiba.com.br\/index.php\/wp-json\/wp\/v2\/media?parent=122007"}],"wp:term":[{"taxonomy":"category","embeddable":true,"href":"https:\/\/iparaiba.com.br\/index.php\/wp-json\/wp\/v2\/categories?post=122007"},{"taxonomy":"post_tag","embeddable":true,"href":"https:\/\/iparaiba.com.br\/index.php\/wp-json\/wp\/v2\/tags?post=122007"}],"curies":[{"name":"wp","href":"https:\/\/api.w.org\/{rel}","templated":true}]}}