{"id":122006,"date":"2024-05-16T13:22:52","date_gmt":"2024-05-16T16:22:52","guid":{"rendered":"https:\/\/onordeste.com.br\/?p=121966"},"modified":"2024-05-16T13:22:52","modified_gmt":"2024-05-16T16:22:52","slug":"alpb-aprova-projetos-em-defesa-dos-direitos-da-mulher-e-das-pessoas-com-deficiencia","status":"publish","type":"post","link":"https:\/\/iparaiba.com.br\/index.php\/2024\/05\/16\/alpb-aprova-projetos-em-defesa-dos-direitos-da-mulher-e-das-pessoas-com-deficiencia\/","title":{"rendered":"ALPB aprova projetos em defesa dos direitos da mulher e das pessoas com defici\u00eancia"},"content":{"rendered":"<p>A Assembleia Legislativa da Para\u00edba (ALPB) aprovou por unanimidade, na sess\u00e3o ordin\u00e1ria desta quarta-feira (15). o PL 1.762\/2024, de autoria do deputado Sargento Neto, que institui a Semana Estadual de Preven\u00e7\u00e3o e Combate \u00e0 Surdez, que deve acontecer na primeira quinzena do m\u00eas de novembro.<\/p>\n<p>Segundo o deputado, a a Semana Estadual de Preven\u00e7\u00e3o e Combate \u00e0 Surdez tem como objetivo sensibilizar a popula\u00e7\u00e3o sobre a import\u00e2ncia da preven\u00e7\u00e3o, do diagn\u00f3stico precoce e do tratamento das condi\u00e7\u00f5es auditivas, al\u00e9m de promover a inclus\u00e3o social e a igualdade de oportunidades para pessoas com defici\u00eancia auditiva.<\/p>\n<p>Sargento Neto acrescenta que para que haja uma melhor inclus\u00e3o das pessoas com defici\u00eancia auditiva \u00e9 importante que o poder p\u00fablico \u201cpromova a\u00e7\u00f5es de sa\u00fade p\u00fablica, incentivando a realiza\u00e7\u00e3o de exames auditivos e conscientizando a popula\u00e7\u00e3o sobre a import\u00e2ncia da detec\u00e7\u00e3o precoce de problemas auditivos\u201d.<\/p>\n<p>A ALPB tamb\u00e9m aprovou o PL 693\/2023, de autoria da deputada Daniele do Vale, que cria o Programa de Incentivo \u00e0 Economia Solid\u00e1ria voltado para mulheres no Estado da Para\u00edba. O intuito da mat\u00e9ria \u00e9 fortalecer o papel da mulher, contribuindo com o desenvolvimento local e a economia solid\u00e1ria. A deputada ressaltou a import\u00e2ncia de apresentar pol\u00edticas p\u00fablicas que possam colaborar com a inclus\u00e3o da mulher na gera\u00e7\u00e3o de emprego e renda, onde a autossusten\u00e7\u00e3o e o trabalho est\u00e3o alicer\u00e7ados pela solidariedade, afetividade e coletividade.<\/p>\n<p>\u201cBuscamos apresentar uma proposta que contribua com o debate nos diferentes setores de pol\u00edticas p\u00fablicas voltadas para as mulheres e sensibilize as demais \u00e1reas sociais sobre este tema que n\u00e3o pode continuar sendo colocado em segundo plano\u201d, justificou a deputada Daniele do Vale.<\/p>\n","protected":false},"excerpt":{"rendered":"<p>A Assembleia Legislativa da Para\u00edba (ALPB) aprovou por unanimidade, na sess\u00e3o ordin\u00e1ria desta quarta-feira (15). o PL 1.762\/2024, de autoria do deputado Sargento Neto, que institui a Semana Estadual de Preven\u00e7\u00e3o e Combate \u00e0 Surdez, que deve acontecer na primeira quinzena do m\u00eas de novembro. Segundo o deputado, a a Semana Estadual de Preven\u00e7\u00e3o e &hellip;<\/p>\n","protected":false},"author":1,"featured_media":108495,"comment_status":"open","ping_status":"open","sticky":false,"template":"","format":"standard","meta":{"footnotes":""},"categories":[8],"tags":[],"class_list":["post-122006","post","type-post","status-publish","format-standard","has-post-thumbnail","hentry","category-politica"],"_links":{"self":[{"href":"https:\/\/iparaiba.com.br\/index.php\/wp-json\/wp\/v2\/posts\/122006","targetHints":{"allow":["GET"]}}],"collection":[{"href":"https:\/\/iparaiba.com.br\/index.php\/wp-json\/wp\/v2\/posts"}],"about":[{"href":"https:\/\/iparaiba.com.br\/index.php\/wp-json\/wp\/v2\/types\/post"}],"author":[{"embeddable":true,"href":"https:\/\/iparaiba.com.br\/index.php\/wp-json\/wp\/v2\/users\/1"}],"replies":[{"embeddable":true,"href":"https:\/\/iparaiba.com.br\/index.php\/wp-json\/wp\/v2\/comments?post=122006"}],"version-history":[{"count":0,"href":"https:\/\/iparaiba.com.br\/index.php\/wp-json\/wp\/v2\/posts\/122006\/revisions"}],"wp:featuredmedia":[{"embeddable":true,"href":"https:\/\/iparaiba.com.br\/index.php\/wp-json\/wp\/v2\/media\/108495"}],"wp:attachment":[{"href":"https:\/\/iparaiba.com.br\/index.php\/wp-json\/wp\/v2\/media?parent=122006"}],"wp:term":[{"taxonomy":"category","embeddable":true,"href":"https:\/\/iparaiba.com.br\/index.php\/wp-json\/wp\/v2\/categories?post=122006"},{"taxonomy":"post_tag","embeddable":true,"href":"https:\/\/iparaiba.com.br\/index.php\/wp-json\/wp\/v2\/tags?post=122006"}],"curies":[{"name":"wp","href":"https:\/\/api.w.org\/{rel}","templated":true}]}}