{"id":122002,"date":"2024-05-18T16:00:07","date_gmt":"2024-05-18T19:00:07","guid":{"rendered":"https:\/\/onordeste.com.br\/?p=122002"},"modified":"2024-05-18T16:00:07","modified_gmt":"2024-05-18T19:00:07","slug":"assinadas-leis-que-reestruturam-cargos-no-poder-judiciario-e-ministerio-publico","status":"publish","type":"post","link":"https:\/\/iparaiba.com.br\/index.php\/2024\/05\/18\/assinadas-leis-que-reestruturam-cargos-no-poder-judiciario-e-ministerio-publico\/","title":{"rendered":"Assinadas Leis que reestruturam cargos no Poder Judici\u00e1rio e Minist\u00e9rio P\u00fablico"},"content":{"rendered":"<p>O governador Jo\u00e3o Azev\u00eado recebeu na Granja Santana, em Jo\u00e3o Pessoa, desembargadores do Tribunal de Justi\u00e7a da Para\u00edba (TJPB) e procuradores do Minist\u00e9rio P\u00fablico do Estado da Para\u00edba (MPPB), ocasi\u00e3o em que sancionou as Leis que reestruturam o Segundo Grau e criam sete novos cargos de desembargador e de procuradores de Justi\u00e7a e servidores do MPPB. Na ocasi\u00e3o, o chefe do Executivo estadual ressaltou a harmonia entre os Poderes e o ajuste das contas p\u00fablicas do Estado que permitiram a reestrutura\u00e7\u00e3o de cargos do Poder Judici\u00e1rio e do Minist\u00e9rio P\u00fablico. \u201cEsse \u00e9 um momento importante para a gest\u00e3o p\u00fablica, pois o nosso objetivo \u00e9 melhorar o servi\u00e7o prestado \u00e0 sociedade porque as demandas s\u00e3o maiores em virtude do aumento da popula\u00e7\u00e3o\u201d, destacou.<\/p>\n<p>O presidente do Tribunal de Justi\u00e7a da Para\u00edba, desembargador Jo\u00e3o Benedito, enalteceu o di\u00e1logo entre os Poderes e refor\u00e7ou a import\u00e2ncia da san\u00e7\u00e3o da Lei para atender \u00e0s demandas processuais. \u201cCelebramos essa harmonia que existe na Para\u00edba entre os Poderes Executivo, Legislativo e Judici\u00e1rio e reitero o nosso agradecimento em nome do Tribunal de Justi\u00e7a porque o nosso \u00fanico interesse \u00e9 prestar uma boa assist\u00eancia \u00e0 popula\u00e7\u00e3o da Para\u00edba\u201d, salientou.<\/p>\n<p>A subprocuradora-geral de Justi\u00e7a, Vasti Cl\u00e9a Lopes, celebrou a conquista da institui\u00e7\u00e3o. \u201cN\u00f3s agradecemos ao governador Jo\u00e3o Azev\u00eado porque toda essa constru\u00e7\u00e3o redundou nessa Lei sancionada hoje, resultado da sensibilidade e esp\u00edrito p\u00fablico do Poder Executivo que est\u00e1 dando solu\u00e7\u00e3o para as demandas que crescem e essa reestrutura\u00e7\u00e3o ir\u00e1 garantir efici\u00eancia e celeridade nos processos que favorecem a sociedade paraibana\u201d, comentou.<\/p>\n<p>O presidente da Assembleia Legislativa, Adriano Galdino, parabenizou o Governo do Estado pela efici\u00eancia da gest\u00e3o fiscal. \u201cA Para\u00edba \u00e9 refer\u00eancia no Nordeste e no Brasil pela gest\u00e3o equilibrada e transparente e temos um governo pautado no pilar do di\u00e1logo, da uni\u00e3o e harmonia para contribuir na constru\u00e7\u00e3o de uma Para\u00edba melhor e mais justa\u201d, falou.<\/p>\n<p>Com as medidas, o Poder Judici\u00e1rio estadual passar\u00e1 de 19 para 26 integrantes na Corte de Justi\u00e7a, bem como o Minist\u00e9rio P\u00fablico da Para\u00edba passar\u00e1 a ter o mesmo quantitativo de procuradores. Al\u00e9m disso, tamb\u00e9m houve uma modifica\u00e7\u00e3o no quadro de cargos de servi\u00e7os auxiliares do Minist\u00e9rio P\u00fablico da Para\u00edba, em virtude de estruturar os gabinetes dos futuros procuradores de Justi\u00e7a.<\/p>\n","protected":false},"excerpt":{"rendered":"<p>O governador Jo\u00e3o Azev\u00eado recebeu na Granja Santana, em Jo\u00e3o Pessoa, desembargadores do Tribunal de Justi\u00e7a da Para\u00edba (TJPB) e procuradores do Minist\u00e9rio P\u00fablico do Estado da Para\u00edba (MPPB), ocasi\u00e3o em que sancionou as Leis que reestruturam o Segundo Grau e criam sete novos cargos de desembargador e de procuradores de Justi\u00e7a e servidores do &hellip;<\/p>\n","protected":false},"author":1,"featured_media":108444,"comment_status":"open","ping_status":"open","sticky":false,"template":"","format":"standard","meta":{"footnotes":""},"categories":[12],"tags":[],"class_list":["post-122002","post","type-post","status-publish","format-standard","has-post-thumbnail","hentry","category-emprego"],"_links":{"self":[{"href":"https:\/\/iparaiba.com.br\/index.php\/wp-json\/wp\/v2\/posts\/122002","targetHints":{"allow":["GET"]}}],"collection":[{"href":"https:\/\/iparaiba.com.br\/index.php\/wp-json\/wp\/v2\/posts"}],"about":[{"href":"https:\/\/iparaiba.com.br\/index.php\/wp-json\/wp\/v2\/types\/post"}],"author":[{"embeddable":true,"href":"https:\/\/iparaiba.com.br\/index.php\/wp-json\/wp\/v2\/users\/1"}],"replies":[{"embeddable":true,"href":"https:\/\/iparaiba.com.br\/index.php\/wp-json\/wp\/v2\/comments?post=122002"}],"version-history":[{"count":1,"href":"https:\/\/iparaiba.com.br\/index.php\/wp-json\/wp\/v2\/posts\/122002\/revisions"}],"predecessor-version":[{"id":122024,"href":"https:\/\/iparaiba.com.br\/index.php\/wp-json\/wp\/v2\/posts\/122002\/revisions\/122024"}],"wp:featuredmedia":[{"embeddable":true,"href":"https:\/\/iparaiba.com.br\/index.php\/wp-json\/wp\/v2\/media\/108444"}],"wp:attachment":[{"href":"https:\/\/iparaiba.com.br\/index.php\/wp-json\/wp\/v2\/media?parent=122002"}],"wp:term":[{"taxonomy":"category","embeddable":true,"href":"https:\/\/iparaiba.com.br\/index.php\/wp-json\/wp\/v2\/categories?post=122002"},{"taxonomy":"post_tag","embeddable":true,"href":"https:\/\/iparaiba.com.br\/index.php\/wp-json\/wp\/v2\/tags?post=122002"}],"curies":[{"name":"wp","href":"https:\/\/api.w.org\/{rel}","templated":true}]}}