{"id":121997,"date":"2024-05-17T18:42:57","date_gmt":"2024-05-17T21:42:57","guid":{"rendered":"https:\/\/onordeste.com.br\/?p=121992"},"modified":"2024-05-17T18:42:57","modified_gmt":"2024-05-17T21:42:57","slug":"stf-anuncia-que-repasses-do-judiciario-ao-rs-ja-atingiram-r-123-milhoes","status":"publish","type":"post","link":"https:\/\/iparaiba.com.br\/index.php\/2024\/05\/17\/stf-anuncia-que-repasses-do-judiciario-ao-rs-ja-atingiram-r-123-milhoes\/","title":{"rendered":"STF anuncia que repasses do Judici\u00e1rio ao RS j\u00e1 atingiram R$ 123 milh\u00f5es"},"content":{"rendered":"<p>Durante an\u00fancio do governo federal sobre novas medidas para recupera\u00e7\u00e3o do Rio Grande do Sul ap\u00f3s as enchentes, o presidente do Supremo Tribunal Federal (STF), ministro Lu\u00eds Roberto Barroso, informou que o Poder Judici\u00e1rio transferiu, at\u00e9 o momento, R$ 123 milh\u00f5es referentes a dep\u00f3sitos judiciais para a Defesa Civil do RS. A reuni\u00e3o aconteceu nesta quarta-feira (15), em S\u00e3o Leopoldo (RS), com a presen\u00e7a de diversas autoridades.<\/p>\n<p>Segundo o ministro, o Judici\u00e1rio tamb\u00e9m suspendeu, at\u00e9 o dia 31 de maio, os prazos de a\u00e7\u00f5es judiciais em andamento no STF que envolvam o Rio Grande do Sul. Barroso comunicou ainda o envio de policiais judiciais para refor\u00e7ar a seguran\u00e7a p\u00fablica local e proteger pessoas nos abrigos.<\/p>\n<p>Al\u00e9m disso, o presidente do Supremo informou a cria\u00e7\u00e3o, pelo Conselho Nacional de Justi\u00e7a (CNJ), do Comit\u00ea de Apoio e Monitoramento para os Servi\u00e7os Judici\u00e1rios no Estado do Rio Grande do Sul, do qual participam catorze magistrados, entre conselheiros do CNJ e ju\u00edzes auxiliares. O grupo foi formado para coordenar a\u00e7\u00f5es necess\u00e1rias \u00e0 atua\u00e7\u00e3o eficiente do Poder Judici\u00e1rio no contexto dos eventos clim\u00e1ticos, promovendo integra\u00e7\u00e3o de institui\u00e7\u00f5es, entre outras atividades.<\/p>\n<h5><b>Uni\u00e3o dos Poderes<\/b><\/h5>\n<p>Segundo o ministro Lu\u00eds Roberto Barroso, as enchentes s\u00e3o um imenso sinal de alerta da natureza de que a mudan\u00e7a clim\u00e1tica n\u00e3o \u00e9 mais um problema abstrato, mas real e que precisa ser enfrentado com medidas efetivas, concretas e corajosas. Barroso ressaltou que a Constitui\u00e7\u00e3o Federal prev\u00ea a separa\u00e7\u00e3o de poderes, \u201cmas, em momentos como este, n\u00f3s precisamos viver a uni\u00e3o de poderes. Neste momento, somos todos ga\u00fachos\u201d.<\/p>\n<p>Para o ministro, a atua\u00e7\u00e3o conjunta do presidente da Rep\u00fablica, Lu\u00eds In\u00e1cio Lula da Silva, e do governador do Rio Grande do Sul, Eduardo Leite, representa \u201cuma certa eleva\u00e7\u00e3o de patamar civilizat\u00f3rio que \u00e9 a n\u00e3o politiza\u00e7\u00e3o de uma crise humanit\u00e1ria\u201d. Ressaltou tamb\u00e9m que todas as autoridades se uniram, cada uma dentro da sua compet\u00eancia e das suas habilidades, para ajudar o povo ga\u00facho com o mesmo objetivo de fazer o bem da melhor forma poss\u00edvel.<\/p>\n<p>O presidente do STF condenou o que chamou de \u201cabomin\u00e1vel onda de desinforma\u00e7\u00e3o, not\u00edcias falsas e fakenews\u201d sobre o Rio Grande do Sul. Para o ministro, \u00e9 imposs\u00edvel n\u00e3o sentir repulsa a esse tipo de comportamento que projeta a maldade sobre o sofrimento das pessoas.<\/p>\n<p>Al\u00e9m do ministro Lu\u00eds Roberto Barroso, participaram da reuni\u00e3o o presidente da Rep\u00fablica, o governador do Rio Grande do Sul, o ministro da Fazenda Fernando Haddad, o ministro-chefe da Casa Civil, Rui Costa, a ministra da Sa\u00fade, N\u00edsia Lima, o ministro de Estado da Secretaria Extraordin\u00e1ria de apoio a reconstru\u00e7\u00e3o do Rio Grande do Sul, Paulo Pimenta, institu\u00edda hoje.<\/p>\n","protected":false},"excerpt":{"rendered":"<p>Durante an\u00fancio do governo federal sobre novas medidas para recupera\u00e7\u00e3o do Rio Grande do Sul ap\u00f3s as enchentes, o presidente do Supremo Tribunal Federal (STF), ministro Lu\u00eds Roberto Barroso, informou que o Poder Judici\u00e1rio transferiu, at\u00e9 o momento, R$ 123 milh\u00f5es referentes a dep\u00f3sitos judiciais para a Defesa Civil do RS. A reuni\u00e3o aconteceu nesta &hellip;<\/p>\n","protected":false},"author":1,"featured_media":102730,"comment_status":"open","ping_status":"open","sticky":false,"template":"","format":"standard","meta":{"footnotes":""},"categories":[18],"tags":[],"class_list":["post-121997","post","type-post","status-publish","format-standard","has-post-thumbnail","hentry","category-brasil"],"_links":{"self":[{"href":"https:\/\/iparaiba.com.br\/index.php\/wp-json\/wp\/v2\/posts\/121997","targetHints":{"allow":["GET"]}}],"collection":[{"href":"https:\/\/iparaiba.com.br\/index.php\/wp-json\/wp\/v2\/posts"}],"about":[{"href":"https:\/\/iparaiba.com.br\/index.php\/wp-json\/wp\/v2\/types\/post"}],"author":[{"embeddable":true,"href":"https:\/\/iparaiba.com.br\/index.php\/wp-json\/wp\/v2\/users\/1"}],"replies":[{"embeddable":true,"href":"https:\/\/iparaiba.com.br\/index.php\/wp-json\/wp\/v2\/comments?post=121997"}],"version-history":[{"count":1,"href":"https:\/\/iparaiba.com.br\/index.php\/wp-json\/wp\/v2\/posts\/121997\/revisions"}],"predecessor-version":[{"id":122019,"href":"https:\/\/iparaiba.com.br\/index.php\/wp-json\/wp\/v2\/posts\/121997\/revisions\/122019"}],"wp:featuredmedia":[{"embeddable":true,"href":"https:\/\/iparaiba.com.br\/index.php\/wp-json\/wp\/v2\/media\/102730"}],"wp:attachment":[{"href":"https:\/\/iparaiba.com.br\/index.php\/wp-json\/wp\/v2\/media?parent=121997"}],"wp:term":[{"taxonomy":"category","embeddable":true,"href":"https:\/\/iparaiba.com.br\/index.php\/wp-json\/wp\/v2\/categories?post=121997"},{"taxonomy":"post_tag","embeddable":true,"href":"https:\/\/iparaiba.com.br\/index.php\/wp-json\/wp\/v2\/tags?post=121997"}],"curies":[{"name":"wp","href":"https:\/\/api.w.org\/{rel}","templated":true}]}}