{"id":121992,"date":"2024-05-17T08:00:11","date_gmt":"2024-05-17T11:00:11","guid":{"rendered":"https:\/\/onordeste.com.br\/?p=121982"},"modified":"2024-05-17T08:00:11","modified_gmt":"2024-05-17T11:00:11","slug":"prefeitura-acompanha-de-perto-situacoes-de-familias-que-ficaram-desabrigadas","status":"publish","type":"post","link":"https:\/\/iparaiba.com.br\/index.php\/2024\/05\/17\/prefeitura-acompanha-de-perto-situacoes-de-familias-que-ficaram-desabrigadas\/","title":{"rendered":"Prefeitura acompanha de perto situa\u00e7\u00f5es de fam\u00edlias que ficaram desabrigadas"},"content":{"rendered":"<p>A Secretaria de Assist\u00eancia Social (Semas), atrav\u00e9s do Secret\u00e1rio F\u00e1bio Thoma e equipe, esteve visitando, duas, das seis fam\u00edlias atualmente inseridas no benef\u00edcio do aluguel social, as quais tiveram s\u00e9rios preju\u00edzos em decorr\u00eancia das \u00faltimas chuvas, registradas na cidade, na primeira quinzena do m\u00eas de abril. Um dos exemplos \u00e9 o do casal de surdos, Matheus de Souza e Joeldna de Ara\u00fajo, pais de um beb\u00ea com apenas 6 meses, que morava na rua Vit\u00f3ria, no bairro Dinam\u00e9rica, e atualmente, reside na rua Cleudo Leite do Nascimento, nas Malvinas.<\/p>\n<p>A fam\u00edlia perdeu m\u00f3veis, roupas e alimentos. Com a ajuda de um int\u00e9rprete de libras, Matheus contou que foi desesperador ver a casa alagada e a sensa\u00e7\u00e3o de impot\u00eancia diante da situa\u00e7\u00e3o, mas com o aux\u00edlio e acompanhamento da Semas eles est\u00e3o conseguindo reerguer a vida. O casal conseguiu salvar apenas a cama e alguns objetos menores. Na ocasi\u00e3o, as equipes da Secretaria de Servi\u00e7os Urbanos e Meio Ambiente (Sesuma), realizaram a desobstru\u00e7\u00e3o de um canal que passa no local, para tentar amenizar os transtornos.<\/p>\n<p>De acordo com Renata Cavalcante, diretora de Prote\u00e7\u00e3o Social B\u00e1sica, a Semas segue nesse trabalho cont\u00ednuo, acompanhando os casos de fam\u00edlias que tiveram preju\u00edzos com as chuvas em alguns bairros da cidade. Os dados apontam que mais de 300 fam\u00edlias fizeram requerimento de cestas b\u00e1sicas e 68 pediram o benef\u00edcio do aluguel social, na emerg\u00eancia. \u201cTemos uma lista de espera com mais de 328 fam\u00edlias, das quais 68 solicitaram o aluguel social, e v\u00e1rias destas situa\u00e7\u00f5es est\u00e3o em an\u00e1lise, pois muitas delas decidiram n\u00e3o deixar suas casas, depois que as chuvas diminu\u00edram, ou migraram para a casa de parentes\u201d, disse.<\/p>\n<p>Talita Raquel Souza, 27, desempregada e m\u00e3e de uma menina de 5 anos, \u00e9 irm\u00e3 de Matheus, e tamb\u00e9m precisou do benef\u00edcio. Ela conta que o aluguel social e o acompanhamento a fez acreditar novamente que tudo iria dar certo. \u201cEu estou extremamente grata por esse benef\u00edcio e ainda pela cesta b\u00e1sica que estamos recebendo. Salvou a gente desse sufoco e toda a equipe da Semas \u00e9 muito gentil com a gente, com todo carinho que somos tratados na situa\u00e7\u00e3o em que est\u00e1vamos\u201d, ressaltou.<\/p>\n<p>Na ocasi\u00e3o, o Secret\u00e1rio F\u00e1bio Thoma afirmou que todos os cuidados est\u00e3o sendo tomados com as fam\u00edlias e que existe um Plano de Conting\u00eancia desenvolvido pela pasta, onde \u00e9 poss\u00edvel atuar de forma preventiva e evitar maiores transtornos, caso as chuvas se intensifiquem em nossa cidade. \u201cN\u00f3s temos esse trabalho e estamos atentos constantemente para n\u00e3o deixar as fam\u00edlias desamparadas. Em nosso Plano de Conting\u00eancia com o apoio da Defesa Civil do Munic\u00edpio e outras secretarias, estamos prontos para dar assist\u00eancia \u00e0s fam\u00edlias que venham a ser atingidas nessas situa\u00e7\u00f5es\u201d, completou.<\/p>\n","protected":false},"excerpt":{"rendered":"<p>A Secretaria de Assist\u00eancia Social (Semas), atrav\u00e9s do Secret\u00e1rio F\u00e1bio Thoma e equipe, esteve visitando, duas, das seis fam\u00edlias atualmente inseridas no benef\u00edcio do aluguel social, as quais tiveram s\u00e9rios preju\u00edzos em decorr\u00eancia das \u00faltimas chuvas, registradas na cidade, na primeira quinzena do m\u00eas de abril. Um dos exemplos \u00e9 o do casal de surdos, &hellip;<\/p>\n","protected":false},"author":1,"featured_media":101482,"comment_status":"open","ping_status":"open","sticky":false,"template":"","format":"standard","meta":{"footnotes":""},"categories":[15],"tags":[],"class_list":["post-121992","post","type-post","status-publish","format-standard","has-post-thumbnail","hentry","category-links"],"_links":{"self":[{"href":"https:\/\/iparaiba.com.br\/index.php\/wp-json\/wp\/v2\/posts\/121992","targetHints":{"allow":["GET"]}}],"collection":[{"href":"https:\/\/iparaiba.com.br\/index.php\/wp-json\/wp\/v2\/posts"}],"about":[{"href":"https:\/\/iparaiba.com.br\/index.php\/wp-json\/wp\/v2\/types\/post"}],"author":[{"embeddable":true,"href":"https:\/\/iparaiba.com.br\/index.php\/wp-json\/wp\/v2\/users\/1"}],"replies":[{"embeddable":true,"href":"https:\/\/iparaiba.com.br\/index.php\/wp-json\/wp\/v2\/comments?post=121992"}],"version-history":[{"count":1,"href":"https:\/\/iparaiba.com.br\/index.php\/wp-json\/wp\/v2\/posts\/121992\/revisions"}],"predecessor-version":[{"id":122014,"href":"https:\/\/iparaiba.com.br\/index.php\/wp-json\/wp\/v2\/posts\/121992\/revisions\/122014"}],"wp:featuredmedia":[{"embeddable":true,"href":"https:\/\/iparaiba.com.br\/index.php\/wp-json\/wp\/v2\/media\/101482"}],"wp:attachment":[{"href":"https:\/\/iparaiba.com.br\/index.php\/wp-json\/wp\/v2\/media?parent=121992"}],"wp:term":[{"taxonomy":"category","embeddable":true,"href":"https:\/\/iparaiba.com.br\/index.php\/wp-json\/wp\/v2\/categories?post=121992"},{"taxonomy":"post_tag","embeddable":true,"href":"https:\/\/iparaiba.com.br\/index.php\/wp-json\/wp\/v2\/tags?post=121992"}],"curies":[{"name":"wp","href":"https:\/\/api.w.org\/{rel}","templated":true}]}}