{"id":121988,"date":"2024-05-16T15:00:19","date_gmt":"2024-05-16T18:00:19","guid":{"rendered":"https:\/\/onordeste.com.br\/?p=121974"},"modified":"2024-05-16T15:00:19","modified_gmt":"2024-05-16T18:00:19","slug":"amde-firma-parceria-com-sine-para-oferta-de-cursos-profissionalizantes","status":"publish","type":"post","link":"https:\/\/iparaiba.com.br\/index.php\/2024\/05\/16\/amde-firma-parceria-com-sine-para-oferta-de-cursos-profissionalizantes\/","title":{"rendered":"Amde firma parceria com Sine para oferta de cursos profissionalizantes"},"content":{"rendered":"<p style=\"font-weight: 400;\">A Ag\u00eancia Municipal de Desenvolvimento (Amde) anunciou uma nova parceria estrat\u00e9gica visando fortalecer a capacita\u00e7\u00e3o profissional na regi\u00e3o. Dessa vez, a entidade uniu for\u00e7as com o Sine Municipal de Campina Grande para disponibilizar cursos profissionalizantes \u00e0 comunidade.<\/p>\n<p style=\"font-weight: 400;\">Emerson Cabral, presidente da Amde, e Alessandra Farias, representante do Sine, estiveram em uma reuni\u00e3o para formalizar os termos dessa colabora\u00e7\u00e3o. O objetivo principal \u00e9 oferecer oportunidades de aprendizado e qualifica\u00e7\u00e3o para os cidad\u00e3os de Campina Grande e arredores, preparando-os para as demandas do mercado de trabalho local e regional.<\/p>\n<p style=\"font-weight: 400;\">&#8220;A parceria entre a Amde e o Sine Municipal tem o prop\u00f3sito de fornecer cursos, contribuindo para o desenvolvimento da popula\u00e7\u00e3o de Campina Grande e regi\u00e3o, proporcionando a chance de adquirir conhecimentos e habilidades para aproveitar as oportunidades oferecidas pela cidade e pelas empresas locais. \u00c9 dessa forma que a Amde vem atuando, sempre priorizando nossos empreendedores, colaborando para que alcancem cada vez mais sucesso em seus empreendimentos, e a qualifica\u00e7\u00e3o profissional \u00e9 fundamental para isso&#8221;, destacou Emerson Cabral.<\/p>\n<p style=\"font-weight: 400;\">Os cursos oferecidos incluem orienta\u00e7\u00e3o profissional e t\u00e9cnicas para busca e manuten\u00e7\u00e3o de emprego, ministrados pelo professor Jo\u00e3o Guedes. As aulas ser\u00e3o realizadas de forma presencial, disponibilizadas pela Amde.<\/p>\n<p style=\"font-weight: 400;\">&#8220;Essa parceria com o Sine \u00e9 de extrema import\u00e2ncia, pois o Sine \u00e9 respons\u00e1vel por identificar profissionais e indiv\u00edduos interessados em ingressar no mercado de trabalho, e a Amde ir\u00e1 capacitar essas pessoas por meio de seus cursos. Entre os temas abordados est\u00e3o: estrat\u00e9gias para conseguir e manter um emprego, gest\u00e3o financeira, lideran\u00e7a eficaz e a realidade do empreendedorismo. A Amde oferece uma variedade de cursos que certamente beneficiar\u00e3o os empreendedores de nosso munic\u00edpio, agregando valor \u00e0s suas habilidades&#8221;, explicou o professor Jo\u00e3o Guedes, respons\u00e1vel pela ministra\u00e7\u00e3o dos cursos.<\/p>\n<p style=\"font-weight: 400;\">A qualifica\u00e7\u00e3o profissional \u00e9 essencial nos dias de hoje. Para se ter uma ideia, o F\u00f3rum Econ\u00f4mico Mundial prev\u00ea que 40% das habilidades essenciais mudar\u00e3o at\u00e9 2025 devido aos avan\u00e7os tecnol\u00f3gicos. Profissionais qualificados t\u00eam mais estabilidade e perspectivas de crescimento em seus empreendimentos, al\u00e9m de impulsionar a inova\u00e7\u00e3o e a competitividade do mercado de trabalho.<\/p>\n","protected":false},"excerpt":{"rendered":"<p>A Ag\u00eancia Municipal de Desenvolvimento (Amde) anunciou uma nova parceria estrat\u00e9gica visando fortalecer a capacita\u00e7\u00e3o profissional na regi\u00e3o. Dessa vez, a entidade uniu for\u00e7as com o Sine Municipal de Campina Grande para disponibilizar cursos profissionalizantes \u00e0 comunidade. Emerson Cabral, presidente da Amde, e Alessandra Farias, representante do Sine, estiveram em uma reuni\u00e3o para formalizar os &hellip;<\/p>\n","protected":false},"author":1,"featured_media":109086,"comment_status":"open","ping_status":"open","sticky":false,"template":"","format":"standard","meta":{"footnotes":""},"categories":[6],"tags":[],"class_list":["post-121988","post","type-post","status-publish","format-standard","has-post-thumbnail","hentry","category-destaques"],"_links":{"self":[{"href":"https:\/\/iparaiba.com.br\/index.php\/wp-json\/wp\/v2\/posts\/121988","targetHints":{"allow":["GET"]}}],"collection":[{"href":"https:\/\/iparaiba.com.br\/index.php\/wp-json\/wp\/v2\/posts"}],"about":[{"href":"https:\/\/iparaiba.com.br\/index.php\/wp-json\/wp\/v2\/types\/post"}],"author":[{"embeddable":true,"href":"https:\/\/iparaiba.com.br\/index.php\/wp-json\/wp\/v2\/users\/1"}],"replies":[{"embeddable":true,"href":"https:\/\/iparaiba.com.br\/index.php\/wp-json\/wp\/v2\/comments?post=121988"}],"version-history":[{"count":1,"href":"https:\/\/iparaiba.com.br\/index.php\/wp-json\/wp\/v2\/posts\/121988\/revisions"}],"predecessor-version":[{"id":122010,"href":"https:\/\/iparaiba.com.br\/index.php\/wp-json\/wp\/v2\/posts\/121988\/revisions\/122010"}],"wp:featuredmedia":[{"embeddable":true,"href":"https:\/\/iparaiba.com.br\/index.php\/wp-json\/wp\/v2\/media\/109086"}],"wp:attachment":[{"href":"https:\/\/iparaiba.com.br\/index.php\/wp-json\/wp\/v2\/media?parent=121988"}],"wp:term":[{"taxonomy":"category","embeddable":true,"href":"https:\/\/iparaiba.com.br\/index.php\/wp-json\/wp\/v2\/categories?post=121988"},{"taxonomy":"post_tag","embeddable":true,"href":"https:\/\/iparaiba.com.br\/index.php\/wp-json\/wp\/v2\/tags?post=121988"}],"curies":[{"name":"wp","href":"https:\/\/api.w.org\/{rel}","templated":true}]}}