{"id":121965,"date":"2024-05-08T17:59:29","date_gmt":"2024-05-08T20:59:29","guid":{"rendered":"https:\/\/onordeste.com.br\/?p=121919"},"modified":"2024-05-08T17:59:29","modified_gmt":"2024-05-08T20:59:29","slug":"coordenacao-do-eou-divulga-edital-de-abertura-do-41o-exame-de-ordem-unificado","status":"publish","type":"post","link":"https:\/\/iparaiba.com.br\/index.php\/2024\/05\/08\/coordenacao-do-eou-divulga-edital-de-abertura-do-41o-exame-de-ordem-unificado\/","title":{"rendered":"Coordena\u00e7\u00e3o do EOU divulga edital de abertura do 41\u00ba Exame de Ordem Unificado"},"content":{"rendered":"<p>A Coordena\u00e7\u00e3o Nacional do Exame da Ordem Unificado (EOU) divulgou, nesta segunda-feira (6\/5), o\u00a0<a href=\"https:\/\/s.oab.org.br\/arquivos\/2024\/05\/7cb70690-22b2-4952-8fba-05bf15c966c7.pdf\" target=\"_blank\" rel=\"noopener\">Edital de Abertura do 41\u00ba Exame de Ordem Unificado<\/a>. O per\u00edodo para inscri\u00e7\u00f5es vai de 13 de maio de 2024 a 21 de maio de 2024. Neste mesmo per\u00edodo, o candidato pode solicitar isen\u00e7\u00e3o da taxa de inscri\u00e7\u00e3o.<\/p>\n<p>A realiza\u00e7\u00e3o da 1\u00aa fase (prova objetiva) est\u00e1 marcada para o dia 28 de julho de 2024.<\/p>\n<p>A aprova\u00e7\u00e3o no Exame de Ordem \u00e9 requisito necess\u00e1rio para a inscri\u00e7\u00e3o nos quadros da OAB como advogado, nos termos do art. 8\u00ba, IV, da Lei 8.906\/1994.<\/p>\n<p>Confira\u00a0<a href=\"https:\/\/s.oab.org.br\/arquivos\/2024\/05\/7cb70690-22b2-4952-8fba-05bf15c966c7.pdf\" target=\"_blank\" rel=\"noopener\">aqui<\/a>\u00a0o Edital de Abertura do 41\u00ba EOU e\u00a0<a href=\"https:\/\/www.oab.org.br\/noticia\/61847\/confira-o-calendario-provisorio-para-o-exame-de-ordem-unificado-em-2024?argumentoPesquisa=calend%C3%A1rio\" target=\"_blank\" rel=\"noopener\">aqui<\/a>\u00a0o calend\u00e1rio do Exame de Ordem para 2024.<\/p>\n","protected":false},"excerpt":{"rendered":"<p>A Coordena\u00e7\u00e3o Nacional do Exame da Ordem Unificado (EOU) divulgou, nesta segunda-feira (6\/5), o\u00a0Edital de Abertura do 41\u00ba Exame de Ordem Unificado. O per\u00edodo para inscri\u00e7\u00f5es vai de 13 de maio de 2024 a 21 de maio de 2024. Neste mesmo per\u00edodo, o candidato pode solicitar isen\u00e7\u00e3o da taxa de inscri\u00e7\u00e3o. A realiza\u00e7\u00e3o da 1\u00aa &hellip;<\/p>\n","protected":false},"author":1,"featured_media":97720,"comment_status":"open","ping_status":"open","sticky":false,"template":"","format":"standard","meta":{"footnotes":""},"categories":[9],"tags":[],"class_list":["post-121965","post","type-post","status-publish","format-standard","has-post-thumbnail","hentry","category-justica"],"_links":{"self":[{"href":"https:\/\/iparaiba.com.br\/index.php\/wp-json\/wp\/v2\/posts\/121965","targetHints":{"allow":["GET"]}}],"collection":[{"href":"https:\/\/iparaiba.com.br\/index.php\/wp-json\/wp\/v2\/posts"}],"about":[{"href":"https:\/\/iparaiba.com.br\/index.php\/wp-json\/wp\/v2\/types\/post"}],"author":[{"embeddable":true,"href":"https:\/\/iparaiba.com.br\/index.php\/wp-json\/wp\/v2\/users\/1"}],"replies":[{"embeddable":true,"href":"https:\/\/iparaiba.com.br\/index.php\/wp-json\/wp\/v2\/comments?post=121965"}],"version-history":[{"count":0,"href":"https:\/\/iparaiba.com.br\/index.php\/wp-json\/wp\/v2\/posts\/121965\/revisions"}],"wp:featuredmedia":[{"embeddable":true,"href":"https:\/\/iparaiba.com.br\/index.php\/wp-json\/wp\/v2\/media\/97720"}],"wp:attachment":[{"href":"https:\/\/iparaiba.com.br\/index.php\/wp-json\/wp\/v2\/media?parent=121965"}],"wp:term":[{"taxonomy":"category","embeddable":true,"href":"https:\/\/iparaiba.com.br\/index.php\/wp-json\/wp\/v2\/categories?post=121965"},{"taxonomy":"post_tag","embeddable":true,"href":"https:\/\/iparaiba.com.br\/index.php\/wp-json\/wp\/v2\/tags?post=121965"}],"curies":[{"name":"wp","href":"https:\/\/api.w.org\/{rel}","templated":true}]}}