{"id":121962,"date":"2024-05-08T17:56:19","date_gmt":"2024-05-08T20:56:19","guid":{"rendered":"https:\/\/onordeste.com.br\/?p=121912"},"modified":"2024-05-08T17:56:19","modified_gmt":"2024-05-08T20:56:19","slug":"comissao-de-orcamento-aprova-tramitacao-da-loa-2025","status":"publish","type":"post","link":"https:\/\/iparaiba.com.br\/index.php\/2024\/05\/08\/comissao-de-orcamento-aprova-tramitacao-da-loa-2025\/","title":{"rendered":"Comiss\u00e3o de Or\u00e7amento aprova tramita\u00e7\u00e3o da LOA 2025"},"content":{"rendered":"<p>A Comiss\u00e3o de Or\u00e7amento, Fiscaliza\u00e7\u00e3o, Tributa\u00e7\u00e3o e Transpar\u00eancia da Assembleia Legislativa aprovou, na manh\u00e3 desta quarta-feira, a tramita\u00e7\u00e3o do Projeto de Lei Or\u00e7ament\u00e1ria n\u00ba 2.056\/2024. O projeto, que estabelece as diretrizes para a elabora\u00e7\u00e3o da Lei Or\u00e7ament\u00e1ria Anual de 2025, foi relatado pelo deputado Branco Mendes, que votou pela admissibilidade da mat\u00e9ria perante a comiss\u00e3o.<\/p>\n<p>Ao votar favor\u00e1vel \u00e0 mat\u00e9ria, Branco Mendes destacando que a proposta est\u00e1 alinhada com as normas regimentais e legislativas pertinentes. \u201cO projeto busca estabelecer um \u00edndice de corre\u00e7\u00e3o dos or\u00e7amentos dos poderes e \u00f3rg\u00e3os aut\u00f4nomos em 4%, al\u00e9m de destinar 0,8% da receita corrente l\u00edquida para o financiamento de emendas impositivas estaduais\u201d, explicou o relator.<\/p>\n<p>O presidente da Comiss\u00e3o, deputado Jutay Meneses, anunciou que a Comiss\u00e3o realizar\u00e1 audi\u00eancias p\u00fablicas e abriu um prazo de 15 dias, de 10 a 24 de maio, para que os deputados apresentem emendas ao projeto. As audi\u00eancias p\u00fablicas ter\u00e3o seu prazo final em 28 de maio, e sugest\u00f5es para locais incluem Sousa e Bananeiras, e a \u00faltima sess\u00e3o aconte\u00e7a em Jo\u00e3o Pessoa.<\/p>\n<p>CMJP<\/p>\n","protected":false},"excerpt":{"rendered":"<p>A Comiss\u00e3o de Or\u00e7amento, Fiscaliza\u00e7\u00e3o, Tributa\u00e7\u00e3o e Transpar\u00eancia da Assembleia Legislativa aprovou, na manh\u00e3 desta quarta-feira, a tramita\u00e7\u00e3o do Projeto de Lei Or\u00e7ament\u00e1ria n\u00ba 2.056\/2024. O projeto, que estabelece as diretrizes para a elabora\u00e7\u00e3o da Lei Or\u00e7ament\u00e1ria Anual de 2025, foi relatado pelo deputado Branco Mendes, que votou pela admissibilidade da mat\u00e9ria perante a comiss\u00e3o. &hellip;<\/p>\n","protected":false},"author":1,"featured_media":115224,"comment_status":"open","ping_status":"open","sticky":false,"template":"","format":"standard","meta":{"footnotes":""},"categories":[8],"tags":[],"class_list":["post-121962","post","type-post","status-publish","format-standard","has-post-thumbnail","hentry","category-politica"],"_links":{"self":[{"href":"https:\/\/iparaiba.com.br\/index.php\/wp-json\/wp\/v2\/posts\/121962","targetHints":{"allow":["GET"]}}],"collection":[{"href":"https:\/\/iparaiba.com.br\/index.php\/wp-json\/wp\/v2\/posts"}],"about":[{"href":"https:\/\/iparaiba.com.br\/index.php\/wp-json\/wp\/v2\/types\/post"}],"author":[{"embeddable":true,"href":"https:\/\/iparaiba.com.br\/index.php\/wp-json\/wp\/v2\/users\/1"}],"replies":[{"embeddable":true,"href":"https:\/\/iparaiba.com.br\/index.php\/wp-json\/wp\/v2\/comments?post=121962"}],"version-history":[{"count":0,"href":"https:\/\/iparaiba.com.br\/index.php\/wp-json\/wp\/v2\/posts\/121962\/revisions"}],"wp:featuredmedia":[{"embeddable":true,"href":"https:\/\/iparaiba.com.br\/index.php\/wp-json\/wp\/v2\/media\/115224"}],"wp:attachment":[{"href":"https:\/\/iparaiba.com.br\/index.php\/wp-json\/wp\/v2\/media?parent=121962"}],"wp:term":[{"taxonomy":"category","embeddable":true,"href":"https:\/\/iparaiba.com.br\/index.php\/wp-json\/wp\/v2\/categories?post=121962"},{"taxonomy":"post_tag","embeddable":true,"href":"https:\/\/iparaiba.com.br\/index.php\/wp-json\/wp\/v2\/tags?post=121962"}],"curies":[{"name":"wp","href":"https:\/\/api.w.org\/{rel}","templated":true}]}}