{"id":121955,"date":"2024-05-11T12:00:09","date_gmt":"2024-05-11T15:00:09","guid":{"rendered":"https:\/\/onordeste.com.br\/?p=121955"},"modified":"2024-05-11T12:00:09","modified_gmt":"2024-05-11T15:00:09","slug":"aprovado-plano-estadual-de-enfrentamento-das-sindromes-respiratorias-agudas-graves","status":"publish","type":"post","link":"https:\/\/iparaiba.com.br\/index.php\/2024\/05\/11\/aprovado-plano-estadual-de-enfrentamento-das-sindromes-respiratorias-agudas-graves\/","title":{"rendered":"Aprovado Plano Estadual de Enfrentamento das S\u00edndromes Respirat\u00f3rias Agudas Graves"},"content":{"rendered":"<p>O Governo da Para\u00edba, por meio da Secretaria de Estado da Sa\u00fade (SES), aprovou o Plano Estadual de Enfrentamento das S\u00edndromes Respirat\u00f3rias Agudas Graves, durante a 3\u00aa Reuni\u00e3o Ordin\u00e1ria da Comiss\u00e3o Intergestores Bipartite (CIB). O objetivo do plano \u00e9 reduzir o aumento de casos dessas doen\u00e7as na Para\u00edba, principalmente no p\u00fablico infantil. A agenda ocorreu no audit\u00f3rio da Funad, em Jo\u00e3o Pessoa, e contou com a presen\u00e7a do Conselho de Secretarias Municipais de Sa\u00fade (Cosems).<\/p>\n<p>De acordo com o secret\u00e1rio de Estado da Sa\u00fade, Jhony Bezerra, a Para\u00edba, assim como a regi\u00e3o Nordeste e todo Brasil, passa por um aumento de circula\u00e7\u00e3o dos v\u00edrus respirat\u00f3rios e de hospitaliza\u00e7\u00f5es, por isso a import\u00e2ncia do Plano Estadual. \u201cEsse plano \u00e9 justamente para que possamos, de forma preventiva, preparar a rede hospitalar e a rede de aten\u00e7\u00e3o \u00e0 Sa\u00fade, para atender todo e qualquer cidad\u00e3o paraibano, principalmente as crian\u00e7as que precisam de um leito de enfermaria ou de UTI no estado\u201d, explicou.<\/p>\n<p>Na Para\u00edba, segundo o \u00faltimo Boletim Epidemiol\u00f3gico de V\u00edrus Respirat\u00f3rios, com dados at\u00e9 20 de abril, foram registrados 1.039 casos de S\u00edndrome Respirat\u00f3ria Aguda Grave (SRAG), gerando um aumento de 35,6% nas notifica\u00e7\u00f5es quando comparado ao boletim anterior. A publica\u00e7\u00e3o apontou ainda 148 \u00f3bitos por SRAG, sendo 52 mortes por Covid-19, 17 por Influenza A, 6 por Rinov\u00edrus, 1 por Parainfluenza 3, 1 por v\u00edrus sincicial respirat\u00f3rio (VRS), 1 por Parainfluenza 3 e VRS.<\/p>\n<p>Al\u00e9m do plano, outra importante estrat\u00e9gia da vigil\u00e2ncia em sa\u00fade adotada pela SES \u00e9 a Sala Estadual de Situa\u00e7\u00e3o das SRAG, um espa\u00e7o f\u00edsico e virtual, de intelig\u00eancia, onde uma equipe t\u00e9cnica analisa as informa\u00e7\u00f5es da sa\u00fade. Com a sala \u00e9 poss\u00edvel caracterizar a situa\u00e7\u00e3o de sa\u00fade da popula\u00e7\u00e3o, fortalecendo a capacidade de resposta estadual e local para a tomada de decis\u00e3o diante do cen\u00e1rio epidemiol\u00f3gico. O aparelho visa ainda auxiliar na coordena\u00e7\u00e3o e execu\u00e7\u00e3o de forma complementar das a\u00e7\u00f5es, controle de riscos e danos \u00e0 sa\u00fade, e conta com a colabora\u00e7\u00e3o de diferentes setores nas tr\u00eas esferas de gest\u00e3o do SUS (Uni\u00e3o, Estados e Munic\u00edpios).<\/p>\n<p>Para a presidente do Conselho de Secretaria Municipais de Sa\u00fade (Cosems), Soraya Galdino, a aprova\u00e7\u00e3o do plano, assim como das outras emendas que foram discutidas durante a CIB, corrobora com a melhoria da assist\u00eancia em Sa\u00fade prestada pelo estado e munic\u00edpios. \u201cHoje avan\u00e7amos em mais uma reuni\u00e3o da Comiss\u00e3o, e isso significa avan\u00e7ar na sa\u00fade paraibana. Foram muitos investimentos aprovados, s\u00e3o ambul\u00e2ncias, constru\u00e7\u00f5es, e o plano de enfrentamento \u00e0s doen\u00e7as respirat\u00f3rias. Tudo isso, na pr\u00e1tica, resultar\u00e1 em melhores atendimentos, estruturas e rapidez nos fluxos assistenciais\u201d, pontuou.<\/p>\n<p>A SES refor\u00e7a que a melhor prote\u00e7\u00e3o contra as s\u00edndromes respirat\u00f3rias ainda \u00e9 a vacina\u00e7\u00e3o. No estado, a vacina influenza est\u00e1 sendo disponibilizada para toda a popula\u00e7\u00e3o n\u00e3o vacinada a partir de 6 meses de idade, seguindo recomenda\u00e7\u00e3o do Minist\u00e9rio da Sa\u00fade. E com o intuito de ampliar ainda mais a oferta de imunizantes, no dia 18 de maio ser\u00e1 realizado um novo dia D de vacina\u00e7\u00e3o.<\/p>\n","protected":false},"excerpt":{"rendered":"<p>O Governo da Para\u00edba, por meio da Secretaria de Estado da Sa\u00fade (SES), aprovou o Plano Estadual de Enfrentamento das S\u00edndromes Respirat\u00f3rias Agudas Graves, durante a 3\u00aa Reuni\u00e3o Ordin\u00e1ria da Comiss\u00e3o Intergestores Bipartite (CIB). O objetivo do plano \u00e9 reduzir o aumento de casos dessas doen\u00e7as na Para\u00edba, principalmente no p\u00fablico infantil. A agenda ocorreu &hellip;<\/p>\n","protected":false},"author":1,"featured_media":106814,"comment_status":"open","ping_status":"open","sticky":false,"template":"","format":"standard","meta":{"footnotes":""},"categories":[2],"tags":[],"class_list":["post-121955","post","type-post","status-publish","format-standard","has-post-thumbnail","hentry","category-saude"],"_links":{"self":[{"href":"https:\/\/iparaiba.com.br\/index.php\/wp-json\/wp\/v2\/posts\/121955","targetHints":{"allow":["GET"]}}],"collection":[{"href":"https:\/\/iparaiba.com.br\/index.php\/wp-json\/wp\/v2\/posts"}],"about":[{"href":"https:\/\/iparaiba.com.br\/index.php\/wp-json\/wp\/v2\/types\/post"}],"author":[{"embeddable":true,"href":"https:\/\/iparaiba.com.br\/index.php\/wp-json\/wp\/v2\/users\/1"}],"replies":[{"embeddable":true,"href":"https:\/\/iparaiba.com.br\/index.php\/wp-json\/wp\/v2\/comments?post=121955"}],"version-history":[{"count":1,"href":"https:\/\/iparaiba.com.br\/index.php\/wp-json\/wp\/v2\/posts\/121955\/revisions"}],"predecessor-version":[{"id":121983,"href":"https:\/\/iparaiba.com.br\/index.php\/wp-json\/wp\/v2\/posts\/121955\/revisions\/121983"}],"wp:featuredmedia":[{"embeddable":true,"href":"https:\/\/iparaiba.com.br\/index.php\/wp-json\/wp\/v2\/media\/106814"}],"wp:attachment":[{"href":"https:\/\/iparaiba.com.br\/index.php\/wp-json\/wp\/v2\/media?parent=121955"}],"wp:term":[{"taxonomy":"category","embeddable":true,"href":"https:\/\/iparaiba.com.br\/index.php\/wp-json\/wp\/v2\/categories?post=121955"},{"taxonomy":"post_tag","embeddable":true,"href":"https:\/\/iparaiba.com.br\/index.php\/wp-json\/wp\/v2\/tags?post=121955"}],"curies":[{"name":"wp","href":"https:\/\/api.w.org\/{rel}","templated":true}]}}