{"id":121949,"date":"2024-05-11T06:00:46","date_gmt":"2024-05-11T09:00:46","guid":{"rendered":"https:\/\/onordeste.com.br\/?p=121949"},"modified":"2024-05-11T06:00:46","modified_gmt":"2024-05-11T09:00:46","slug":"pf-incinera-quase-meia-tonelada-de-cocaina","status":"publish","type":"post","link":"https:\/\/iparaiba.com.br\/index.php\/2024\/05\/11\/pf-incinera-quase-meia-tonelada-de-cocaina\/","title":{"rendered":"PF incinera quase meia tonelada de coca\u00edna"},"content":{"rendered":"<p><strong>Itaja\u00ed\/SC.<\/strong> A Pol\u00edcia Federal realizou a incinera\u00e7\u00e3o de 440 kg de coca\u00edna apreendidos em opera\u00e7\u00f5es recentemente deflagradas pela PF, em Santa Catarina. Este \u00e9 o segundo procedimento de destrui\u00e7\u00e3o de droga promovido pela PF neste ano no estado.<\/p>\n<p>Acompanharam a incinera\u00e7\u00e3o representantes do Minist\u00e9rio P\u00fablico de Santa Catarina e da Ag\u00eancia Nacional de Vigil\u00e2ncia Sanit\u00e1ria.<\/p>\n<p><em>Comunica\u00e7\u00e3o Social da Pol\u00edcia Federal em Itaja\u00ed\/SC<\/em><\/p>\n","protected":false},"excerpt":{"rendered":"<p>Itaja\u00ed\/SC. A Pol\u00edcia Federal realizou a incinera\u00e7\u00e3o de 440 kg de coca\u00edna apreendidos em opera\u00e7\u00f5es recentemente deflagradas pela PF, em Santa Catarina. Este \u00e9 o segundo procedimento de destrui\u00e7\u00e3o de droga promovido pela PF neste ano no estado. Acompanharam a incinera\u00e7\u00e3o representantes do Minist\u00e9rio P\u00fablico de Santa Catarina e da Ag\u00eancia Nacional de Vigil\u00e2ncia Sanit\u00e1ria. &hellip;<\/p>\n","protected":false},"author":1,"featured_media":98035,"comment_status":"open","ping_status":"open","sticky":false,"template":"","format":"standard","meta":{"footnotes":""},"categories":[13],"tags":[],"class_list":["post-121949","post","type-post","status-publish","format-standard","has-post-thumbnail","hentry","category-policial"],"_links":{"self":[{"href":"https:\/\/iparaiba.com.br\/index.php\/wp-json\/wp\/v2\/posts\/121949","targetHints":{"allow":["GET"]}}],"collection":[{"href":"https:\/\/iparaiba.com.br\/index.php\/wp-json\/wp\/v2\/posts"}],"about":[{"href":"https:\/\/iparaiba.com.br\/index.php\/wp-json\/wp\/v2\/types\/post"}],"author":[{"embeddable":true,"href":"https:\/\/iparaiba.com.br\/index.php\/wp-json\/wp\/v2\/users\/1"}],"replies":[{"embeddable":true,"href":"https:\/\/iparaiba.com.br\/index.php\/wp-json\/wp\/v2\/comments?post=121949"}],"version-history":[{"count":1,"href":"https:\/\/iparaiba.com.br\/index.php\/wp-json\/wp\/v2\/posts\/121949\/revisions"}],"predecessor-version":[{"id":121980,"href":"https:\/\/iparaiba.com.br\/index.php\/wp-json\/wp\/v2\/posts\/121949\/revisions\/121980"}],"wp:featuredmedia":[{"embeddable":true,"href":"https:\/\/iparaiba.com.br\/index.php\/wp-json\/wp\/v2\/media\/98035"}],"wp:attachment":[{"href":"https:\/\/iparaiba.com.br\/index.php\/wp-json\/wp\/v2\/media?parent=121949"}],"wp:term":[{"taxonomy":"category","embeddable":true,"href":"https:\/\/iparaiba.com.br\/index.php\/wp-json\/wp\/v2\/categories?post=121949"},{"taxonomy":"post_tag","embeddable":true,"href":"https:\/\/iparaiba.com.br\/index.php\/wp-json\/wp\/v2\/tags?post=121949"}],"curies":[{"name":"wp","href":"https:\/\/api.w.org\/{rel}","templated":true}]}}