{"id":121947,"date":"2024-05-10T18:19:29","date_gmt":"2024-05-10T21:19:29","guid":{"rendered":"https:\/\/onordeste.com.br\/?p=121947"},"modified":"2024-05-10T18:19:29","modified_gmt":"2024-05-10T21:19:29","slug":"pf-reprime-trafico-de-drogas","status":"publish","type":"post","link":"https:\/\/iparaiba.com.br\/index.php\/2024\/05\/10\/pf-reprime-trafico-de-drogas\/","title":{"rendered":"PF reprime tr\u00e1fico de drogas"},"content":{"rendered":"<p><b>Foz do Igua\u00e7u\/PR<\/b>. Na manh\u00e3 desta quarta-feira, (8\/5), a Pol\u00edcia Federal cumpriu um mandado de busca e apreens\u00e3o como parte de investiga\u00e7\u00e3o sobre associa\u00e7\u00e3o criminosa relacionada ao tr\u00e1fico internacional de drogas. A opera\u00e7\u00e3o, \u00e9 uma extens\u00e3o de uma a\u00e7\u00e3o policial anterior que, no ano passado, apreendeu aproximadamente duas toneladas de maconha em transporte rodovi\u00e1rio.<\/p>\n<p>O objetivo da a\u00e7\u00e3o \u00e9 desarticular as atividades ilegais de uma organiza\u00e7\u00e3o criminosa que atua na fronteira entre Brasil e Paraguai, especialmente no tr\u00e1fico de drogas.<\/p>\n<p>A ordem judicial foi expedida pela 3\u00aa Vara da Justi\u00e7a Federal de Foz do Igua\u00e7u.<\/p>\n<p><em>Comunica\u00e7\u00e3o Social da Pol\u00edcia Federal em Foz do Igua\u00e7u\/PR<\/em><\/p>\n","protected":false},"excerpt":{"rendered":"<p>Foz do Igua\u00e7u\/PR. Na manh\u00e3 desta quarta-feira, (8\/5), a Pol\u00edcia Federal cumpriu um mandado de busca e apreens\u00e3o como parte de investiga\u00e7\u00e3o sobre associa\u00e7\u00e3o criminosa relacionada ao tr\u00e1fico internacional de drogas. A opera\u00e7\u00e3o, \u00e9 uma extens\u00e3o de uma a\u00e7\u00e3o policial anterior que, no ano passado, apreendeu aproximadamente duas toneladas de maconha em transporte rodovi\u00e1rio. O &hellip;<\/p>\n","protected":false},"author":1,"featured_media":119146,"comment_status":"open","ping_status":"open","sticky":false,"template":"","format":"standard","meta":{"footnotes":""},"categories":[13],"tags":[],"class_list":["post-121947","post","type-post","status-publish","format-standard","has-post-thumbnail","hentry","category-policial"],"_links":{"self":[{"href":"https:\/\/iparaiba.com.br\/index.php\/wp-json\/wp\/v2\/posts\/121947","targetHints":{"allow":["GET"]}}],"collection":[{"href":"https:\/\/iparaiba.com.br\/index.php\/wp-json\/wp\/v2\/posts"}],"about":[{"href":"https:\/\/iparaiba.com.br\/index.php\/wp-json\/wp\/v2\/types\/post"}],"author":[{"embeddable":true,"href":"https:\/\/iparaiba.com.br\/index.php\/wp-json\/wp\/v2\/users\/1"}],"replies":[{"embeddable":true,"href":"https:\/\/iparaiba.com.br\/index.php\/wp-json\/wp\/v2\/comments?post=121947"}],"version-history":[{"count":1,"href":"https:\/\/iparaiba.com.br\/index.php\/wp-json\/wp\/v2\/posts\/121947\/revisions"}],"predecessor-version":[{"id":121979,"href":"https:\/\/iparaiba.com.br\/index.php\/wp-json\/wp\/v2\/posts\/121947\/revisions\/121979"}],"wp:featuredmedia":[{"embeddable":true,"href":"https:\/\/iparaiba.com.br\/index.php\/wp-json\/wp\/v2\/media\/119146"}],"wp:attachment":[{"href":"https:\/\/iparaiba.com.br\/index.php\/wp-json\/wp\/v2\/media?parent=121947"}],"wp:term":[{"taxonomy":"category","embeddable":true,"href":"https:\/\/iparaiba.com.br\/index.php\/wp-json\/wp\/v2\/categories?post=121947"},{"taxonomy":"post_tag","embeddable":true,"href":"https:\/\/iparaiba.com.br\/index.php\/wp-json\/wp\/v2\/tags?post=121947"}],"curies":[{"name":"wp","href":"https:\/\/api.w.org\/{rel}","templated":true}]}}