{"id":121943,"date":"2024-05-10T13:00:32","date_gmt":"2024-05-10T16:00:32","guid":{"rendered":"https:\/\/onordeste.com.br\/?p=121943"},"modified":"2024-05-10T13:00:32","modified_gmt":"2024-05-10T16:00:32","slug":"lula-anuncia-r-400-milhoes-para-abastecimento-de-agua-em-areas-rurais","status":"publish","type":"post","link":"https:\/\/iparaiba.com.br\/index.php\/2024\/05\/10\/lula-anuncia-r-400-milhoes-para-abastecimento-de-agua-em-areas-rurais\/","title":{"rendered":"Lula anuncia R$ 400 milh\u00f5es para abastecimento de \u00e1gua em \u00e1reas rurais"},"content":{"rendered":"<p>O presidente da Rep\u00fablica, Luiz In\u00e1cio Lula da Silva, anunciou novos investimentos no Novo Programa de Acelera\u00e7\u00e3o e Crescimento (PAC) Sele\u00e7\u00f5es para as \u00e1reas rurais, periferias, renova\u00e7\u00e3o de frota, regulariza\u00e7\u00e3o fundi\u00e1ria e preven\u00e7\u00e3o a riscos &#8211; conten\u00e7\u00e3o de encostas.<\/p>\n<p>Do total de R$ 18,3 bilh\u00f5es que ser\u00e3o investidos para melhorar a qualidade de vida nas cidades e no campo, R$ 400 milh\u00f5es ser\u00e3o repassados a 247 munic\u00edpios em 16 estados para ampliar o acesso e a qualidade dos servi\u00e7os de abastecimento de \u00e1gua em \u00e1reas rurais brasileiras.<\/p>\n<p>&#8220;Esse dinheiro \u00e9 para as necessidades vitais do povo brasileiro, que continua sendo o povo em qualquer cidade que ele mora, governado por qualquer partido pol\u00edtico. Se uma coisa que a gente pode deixar nesse pa\u00eds \u00e9 o exemplo de que esse governo n\u00e3o vai perseguir nenhum governador, nenhum prefeito&#8221;, garante o presidente Lula.<\/p>\n<p class=\"callout\"><em>Leita tamb\u00e9m:\u00a0<a href=\"https:\/\/agenciagov.ebc.com.br\/noticias\/202405\/selecao-do-novo-pac-vai-levar-infraestrutura-para-mais-532-municipios\" target=\"_blank\" rel=\"noopener\" data-linktype=\"internal\" data-val=\"74a638d6e23c4d308229ec1cf0b244a6\">Sele\u00e7\u00e3o do Novo PAC vai levar infraestrutura para mais 532 munic\u00edpios<\/a><\/em><\/p>\n<p>As obras garantem \u00e1gua em quantidade e qualidade adequadas \u00e0s fam\u00edlias, elevando a qualidade de vida e contribuindo para a redu\u00e7\u00e3o das desigualdades sociais. Os munic\u00edpios com maiores d\u00e9ficits de atendimento de \u00e1gua foram priorizados.<\/p>\n<p>Presente na ocasi\u00e3o, o ministro da Agricultura e Pecu\u00e1ria, Carlos F\u00e1varo, destaca que o acesso ao abastecimento de \u00e1gua facilitar\u00e1 a vida do produtor rural. \u201cCom essa democratiza\u00e7\u00e3o, os agricultores produzir\u00e3o cada vez mais, garantindo a seguran\u00e7a alimentar e o sustento dos seus lares\u201d, afirma.<\/p>\n<p>O an\u00fancio de sele\u00e7\u00f5es de 679 propostas foi realizado pelo ministro do Minist\u00e9rio das Cidades, Jader Filho, com a aproximadamente 234 mil empregos gerados de forma direta e indireta nos pr\u00f3ximos anos. Com o Novo PAC Sele\u00e7\u00f5es, o Governo Federal ampliou o formato para as cidades e estados apresentarem as principais necessidades e prioridades para a popula\u00e7\u00e3o.<\/p>\n<p>&#8220;O abastecimento de \u00e1guas em \u00e1reas rurais adquire um papel in\u00e9dito neste programa, atendendo \u00e0s necessidades b\u00e1sicas das fam\u00edlias que, por muito tempo, sofreram com a escassez de \u00e1gua&#8221;, explica o ministro das Cidades, Jader Filho.<\/p>\n<p>Estiveram presentes no evento, entre outras autoridades, o vice-presidente da Rep\u00fablica e ministro de Desenvolvimento, Ind\u00fastria, Com\u00e9rcio e Servi\u00e7os, Geraldo Alckmin; o ministro-chefe da Casa Civil, Rui Costa; o chefe da Secretaria-Geral da Presid\u00eancia da Rep\u00fablica, M\u00e1rcio Mac\u00eado; o presidente da Caixa, Carlos Vieira; entre outros.<\/p>\n<p><span class=\"discreet\"><em>Por: Minist\u00e9rio da Agricultura e Pecu\u00e1ria (Mapa)\u00a0<\/em><\/span><\/p>\n","protected":false},"excerpt":{"rendered":"<p>O presidente da Rep\u00fablica, Luiz In\u00e1cio Lula da Silva, anunciou novos investimentos no Novo Programa de Acelera\u00e7\u00e3o e Crescimento (PAC) Sele\u00e7\u00f5es para as \u00e1reas rurais, periferias, renova\u00e7\u00e3o de frota, regulariza\u00e7\u00e3o fundi\u00e1ria e preven\u00e7\u00e3o a riscos &#8211; conten\u00e7\u00e3o de encostas. Do total de R$ 18,3 bilh\u00f5es que ser\u00e3o investidos para melhorar a qualidade de vida nas &hellip;<\/p>\n","protected":false},"author":1,"featured_media":98148,"comment_status":"open","ping_status":"open","sticky":false,"template":"","format":"standard","meta":{"footnotes":""},"categories":[7],"tags":[],"class_list":["post-121943","post","type-post","status-publish","format-standard","has-post-thumbnail","hentry","category-diversas"],"_links":{"self":[{"href":"https:\/\/iparaiba.com.br\/index.php\/wp-json\/wp\/v2\/posts\/121943","targetHints":{"allow":["GET"]}}],"collection":[{"href":"https:\/\/iparaiba.com.br\/index.php\/wp-json\/wp\/v2\/posts"}],"about":[{"href":"https:\/\/iparaiba.com.br\/index.php\/wp-json\/wp\/v2\/types\/post"}],"author":[{"embeddable":true,"href":"https:\/\/iparaiba.com.br\/index.php\/wp-json\/wp\/v2\/users\/1"}],"replies":[{"embeddable":true,"href":"https:\/\/iparaiba.com.br\/index.php\/wp-json\/wp\/v2\/comments?post=121943"}],"version-history":[{"count":1,"href":"https:\/\/iparaiba.com.br\/index.php\/wp-json\/wp\/v2\/posts\/121943\/revisions"}],"predecessor-version":[{"id":121977,"href":"https:\/\/iparaiba.com.br\/index.php\/wp-json\/wp\/v2\/posts\/121943\/revisions\/121977"}],"wp:featuredmedia":[{"embeddable":true,"href":"https:\/\/iparaiba.com.br\/index.php\/wp-json\/wp\/v2\/media\/98148"}],"wp:attachment":[{"href":"https:\/\/iparaiba.com.br\/index.php\/wp-json\/wp\/v2\/media?parent=121943"}],"wp:term":[{"taxonomy":"category","embeddable":true,"href":"https:\/\/iparaiba.com.br\/index.php\/wp-json\/wp\/v2\/categories?post=121943"},{"taxonomy":"post_tag","embeddable":true,"href":"https:\/\/iparaiba.com.br\/index.php\/wp-json\/wp\/v2\/tags?post=121943"}],"curies":[{"name":"wp","href":"https:\/\/api.w.org\/{rel}","templated":true}]}}