{"id":121939,"date":"2024-05-09T16:09:00","date_gmt":"2024-05-09T19:09:00","guid":{"rendered":"https:\/\/onordeste.com.br\/?p=121935"},"modified":"2024-05-09T16:09:00","modified_gmt":"2024-05-09T19:09:00","slug":"plano-safra-vai-incentivar-diversificacao-agricola-nos-estados-diz-haddad","status":"publish","type":"post","link":"https:\/\/iparaiba.com.br\/index.php\/2024\/05\/09\/plano-safra-vai-incentivar-diversificacao-agricola-nos-estados-diz-haddad\/","title":{"rendered":"Plano Safra vai incentivar diversifica\u00e7\u00e3o agr\u00edcola nos estados, diz Haddad"},"content":{"rendered":"<p>O pr\u00f3ximo Plano Safra vai incentivar a diversifica\u00e7\u00e3o da produ\u00e7\u00e3o agr\u00edcola nos estados para evitar que o mercado nacional fique dependente de produtos de uma s\u00f3 regi\u00e3o. A inten\u00e7\u00e3o \u00e9 evitar o que ocorre atualmente com o arroz que tem cerca de 70% da produ\u00e7\u00e3o concentrada no Rio Grande do Sul e ter\u00e1 perdas em raz\u00e3o do alto volume de chuvas.<\/p>\n<p>A proposta foi detalhada nesta quarta-feira (8\/5), pelo ministro da Fazenda, Fernando Haddad, em entrevista ao programa\u00a0<em>Bom Dia, Ministro<\/em>, transmitido pelo\u00a0<strong>Canal Gov<\/strong>, da\u00a0<strong>Empresa Brasil de Comunica\u00e7\u00e3o<\/strong>\u00a0(EBC).<\/p>\n<hr \/>\n<h4><strong>\u201cNo pr\u00f3ximo Plano Safra vamos criar um mecanismo de fazer com que os estados diversifiquem um pouco sua produ\u00e7\u00e3o. Em vez de um estado produzir s\u00f3 arroz e milho, ele vai ampliar um pouco seu card\u00e1pio de culturas. E as culturas t\u00eam que ser diversificadas pelo Pa\u00eds respeitando o solo e o clima\u201d, disse Haddad. \u201cO Brasil \u00e9 t\u00e3o grande que se acontecer um problema em um estado, a produ\u00e7\u00e3o dos outros compensa\u201d, acrescentou.<\/strong><\/h4>\n<hr \/>\n<p>O ministro afirmou que outra estrat\u00e9gia para reduzir o impacto de perdas de safra em raz\u00e3o de eventos clim\u00e1ticos extremos \u00e9 retomar a capacidade de armazenamento para manter estoque reguladores. Segundo ele, no governo anterior n\u00e3o houve investimento em armaz\u00e9ns o que resultou na perda da capacidade de armazenamento.<\/p>\n<p>\u201cA produ\u00e7\u00e3o ia subindo, subindo, e os armaz\u00e9ns estagnados. Acabaram com o cr\u00e9dito para produ\u00e7\u00e3o de armaz\u00e9m no Brasil. S\u00f3 no \u00faltimo Plano Safa que se reativou o cr\u00e9dito para produ\u00e7\u00e3o de armaz\u00e9m. N\u00e3o se tinha uma vis\u00e3o estrat\u00e9gica de como lidar com as culturas, mas isso tudo est\u00e1 sendo recuperado\u201d, disse.<\/p>\n<p>A forma\u00e7\u00e3o de estoques p\u00fablicos de alimentos tem como objetivo garantir o pre\u00e7o e a renda do produtor, bem como regular o abastecimento interno, para atenuar as oscila\u00e7\u00f5es de pre\u00e7o.<\/p>\n","protected":false},"excerpt":{"rendered":"<p>O pr\u00f3ximo Plano Safra vai incentivar a diversifica\u00e7\u00e3o da produ\u00e7\u00e3o agr\u00edcola nos estados para evitar que o mercado nacional fique dependente de produtos de uma s\u00f3 regi\u00e3o. A inten\u00e7\u00e3o \u00e9 evitar o que ocorre atualmente com o arroz que tem cerca de 70% da produ\u00e7\u00e3o concentrada no Rio Grande do Sul e ter\u00e1 perdas em &hellip;<\/p>\n","protected":false},"author":1,"featured_media":108031,"comment_status":"open","ping_status":"open","sticky":false,"template":"","format":"standard","meta":{"footnotes":""},"categories":[3],"tags":[],"class_list":["post-121939","post","type-post","status-publish","format-standard","has-post-thumbnail","hentry","category-nordeste"],"_links":{"self":[{"href":"https:\/\/iparaiba.com.br\/index.php\/wp-json\/wp\/v2\/posts\/121939","targetHints":{"allow":["GET"]}}],"collection":[{"href":"https:\/\/iparaiba.com.br\/index.php\/wp-json\/wp\/v2\/posts"}],"about":[{"href":"https:\/\/iparaiba.com.br\/index.php\/wp-json\/wp\/v2\/types\/post"}],"author":[{"embeddable":true,"href":"https:\/\/iparaiba.com.br\/index.php\/wp-json\/wp\/v2\/users\/1"}],"replies":[{"embeddable":true,"href":"https:\/\/iparaiba.com.br\/index.php\/wp-json\/wp\/v2\/comments?post=121939"}],"version-history":[{"count":1,"href":"https:\/\/iparaiba.com.br\/index.php\/wp-json\/wp\/v2\/posts\/121939\/revisions"}],"predecessor-version":[{"id":121973,"href":"https:\/\/iparaiba.com.br\/index.php\/wp-json\/wp\/v2\/posts\/121939\/revisions\/121973"}],"wp:featuredmedia":[{"embeddable":true,"href":"https:\/\/iparaiba.com.br\/index.php\/wp-json\/wp\/v2\/media\/108031"}],"wp:attachment":[{"href":"https:\/\/iparaiba.com.br\/index.php\/wp-json\/wp\/v2\/media?parent=121939"}],"wp:term":[{"taxonomy":"category","embeddable":true,"href":"https:\/\/iparaiba.com.br\/index.php\/wp-json\/wp\/v2\/categories?post=121939"},{"taxonomy":"post_tag","embeddable":true,"href":"https:\/\/iparaiba.com.br\/index.php\/wp-json\/wp\/v2\/tags?post=121939"}],"curies":[{"name":"wp","href":"https:\/\/api.w.org\/{rel}","templated":true}]}}