{"id":121937,"date":"2024-05-09T12:06:44","date_gmt":"2024-05-09T15:06:44","guid":{"rendered":"https:\/\/onordeste.com.br\/?p=121931"},"modified":"2024-05-09T12:06:44","modified_gmt":"2024-05-09T15:06:44","slug":"alpb-discute-organizacao-de-trabalho-dos-ambulantes","status":"publish","type":"post","link":"https:\/\/iparaiba.com.br\/index.php\/2024\/05\/09\/alpb-discute-organizacao-de-trabalho-dos-ambulantes\/","title":{"rendered":"ALPB discute organiza\u00e7\u00e3o de trabalho dos ambulantes"},"content":{"rendered":"<p>A Assembleia Legislativa da Para\u00edba (ALPB) realizou sess\u00e3o especial para tratar da organiza\u00e7\u00e3o do trabalho dos ambulantes no Estado. O evento, proposto pelo deputado Herv\u00e1zio Bezerra, aconteceu no plen\u00e1rio \u201cDeputado Jos\u00e9 Mariz\u201d e contou com a presen\u00e7a do procurador federal Jos\u00e9 Godoy, al\u00e9m de representantes de todas as categorias de ambulantes da Para\u00edba.<\/p>\n<p>O objetivo dessa discuss\u00e3o, de acordo com Herv\u00e1zio Bezerra, \u00e9 ouvir a categoria para que se possa intermediar, junto \u00e0s prefeituras de todo o estado, as suas reivindica\u00e7\u00f5es da categoria.<\/p>\n<p>\u201cMas tudo isso tem que ser feito com uma concilia\u00e7\u00e3o, onde todos os entes assumam as suas responsabilidades. N\u00f3s sabemos que s\u00e3o pais, m\u00e3es de fam\u00edlia que prestam relevante servi\u00e7o em todo o estado da Para\u00edba. Ent\u00e3o, nada melhor do que a Casa Epit\u00e1cio Pessoa auscult\u00e1-los, dar direito \u00e0 voz, \u00e0s suas queixas, \u00e0s suas dificuldades e o que eles pensam. Porque quem melhor domina a situa\u00e7\u00e3o do com\u00e9rcio informal do nosso estado s\u00e3o eles\u201d, disse.<\/p>\n<p>O procurador Jos\u00e9 Godoy, do Minist\u00e9rio P\u00fablico Federal, parabenizou a Assembleia Legislativa pela iniciativa, na pessoa do deputado Herv\u00e1zio Bezerra, por ter assumido a discuss\u00e3o dessa pauta, da atua\u00e7\u00e3o institucionalizada na defesa de um segmento econ\u00f4mico t\u00e3o importante. \u201cInicialmente eu venho aqui para ouvir. E ao final da escuta, n\u00f3s teremos condi\u00e7\u00f5es de ter um posicionamento, uma manifesta\u00e7\u00e3o que possamos encaminhar essas reivindica\u00e7\u00f5es, pelo menos no plano federal\u201d, declarou.<\/p>\n<p>\u201cN\u00f3s estamos vivendo um momento \u00fanico\u201d, enfatizou a ambulante M\u00e1rcia Medeiros, presidente da Associa\u00e7\u00e3o dos Ambulantes e Trabalhadores em Geral da Para\u00edba (AMEG). Ela denunciou que os ambulantes est\u00e3o sofrendo toda tipo de viol\u00eancias quando se deslocam para trabalhar em outras cidades \u201cque promovem eventos p\u00fablicos, realizados com o dinheiro do povo e t\u00eam fechado as portas para receber o povo\u201d. \u201c\u00c9 algo que tem trazido muito desgaste para o nosso povo, porque a gente vive e sobrevive s\u00f3 de eventos. Esses ambulantes n\u00e3o trabalham em outros espa\u00e7os da cidade, eles trabalham apenas nas festas p\u00fablicas\u201d, explicou.<\/p>\n<p>Entre outras reivindica\u00e7\u00f5es, a AMEG prop\u00f5e que as cidades destinem 70% dos espa\u00e7os para os ambulantes locais e 30% para os trabalhadores que v\u00eam de outras cidades. Para a assistente social Fernanda Muniz, secret\u00e1ria-geral da AMEG, os ambulantes est\u00e3o sendo criminalizados quando se deslocam para trabalhar em outras cidades.<\/p>\n<p>\u201cSofrem viol\u00eancias e \u00e9 um direito de todas as pessoas ter um trabalho e que esse trabalho seja digno. Ou seja, estamos lidando com fam\u00edlias, com pessoas, trabalhadores ambulantes que n\u00e3o devem ser criminalizados e sim devem ter o seu direito respeitado, que \u00e9 o direito ao trabalho. Nossa luta \u00e9 justamente para que a gente viabilize a garantia de direitos dessas pessoas que precisam levar o seu sustento para casa todos os dias\u201d, acrescentou. Segundo ela, existem, hoje, mais de 2 mil ambulantes cadastrados em todo o estado, sendo 350 em Jo\u00e3o Pessoa.<\/p>\n","protected":false},"excerpt":{"rendered":"<p>A Assembleia Legislativa da Para\u00edba (ALPB) realizou sess\u00e3o especial para tratar da organiza\u00e7\u00e3o do trabalho dos ambulantes no Estado. O evento, proposto pelo deputado Herv\u00e1zio Bezerra, aconteceu no plen\u00e1rio \u201cDeputado Jos\u00e9 Mariz\u201d e contou com a presen\u00e7a do procurador federal Jos\u00e9 Godoy, al\u00e9m de representantes de todas as categorias de ambulantes da Para\u00edba. O objetivo &hellip;<\/p>\n","protected":false},"author":1,"featured_media":107995,"comment_status":"open","ping_status":"open","sticky":false,"template":"","format":"standard","meta":{"footnotes":""},"categories":[16],"tags":[],"class_list":["post-121937","post","type-post","status-publish","format-standard","has-post-thumbnail","hentry","category-economia"],"_links":{"self":[{"href":"https:\/\/iparaiba.com.br\/index.php\/wp-json\/wp\/v2\/posts\/121937","targetHints":{"allow":["GET"]}}],"collection":[{"href":"https:\/\/iparaiba.com.br\/index.php\/wp-json\/wp\/v2\/posts"}],"about":[{"href":"https:\/\/iparaiba.com.br\/index.php\/wp-json\/wp\/v2\/types\/post"}],"author":[{"embeddable":true,"href":"https:\/\/iparaiba.com.br\/index.php\/wp-json\/wp\/v2\/users\/1"}],"replies":[{"embeddable":true,"href":"https:\/\/iparaiba.com.br\/index.php\/wp-json\/wp\/v2\/comments?post=121937"}],"version-history":[{"count":1,"href":"https:\/\/iparaiba.com.br\/index.php\/wp-json\/wp\/v2\/posts\/121937\/revisions"}],"predecessor-version":[{"id":121971,"href":"https:\/\/iparaiba.com.br\/index.php\/wp-json\/wp\/v2\/posts\/121937\/revisions\/121971"}],"wp:featuredmedia":[{"embeddable":true,"href":"https:\/\/iparaiba.com.br\/index.php\/wp-json\/wp\/v2\/media\/107995"}],"wp:attachment":[{"href":"https:\/\/iparaiba.com.br\/index.php\/wp-json\/wp\/v2\/media?parent=121937"}],"wp:term":[{"taxonomy":"category","embeddable":true,"href":"https:\/\/iparaiba.com.br\/index.php\/wp-json\/wp\/v2\/categories?post=121937"},{"taxonomy":"post_tag","embeddable":true,"href":"https:\/\/iparaiba.com.br\/index.php\/wp-json\/wp\/v2\/tags?post=121937"}],"curies":[{"name":"wp","href":"https:\/\/api.w.org\/{rel}","templated":true}]}}