{"id":121936,"date":"2024-05-09T10:05:22","date_gmt":"2024-05-09T13:05:22","guid":{"rendered":"https:\/\/onordeste.com.br\/?p=121929"},"modified":"2024-05-09T10:05:22","modified_gmt":"2024-05-09T13:05:22","slug":"evento-celebra-200-anos-da-constituicao","status":"publish","type":"post","link":"https:\/\/iparaiba.com.br\/index.php\/2024\/05\/09\/evento-celebra-200-anos-da-constituicao\/","title":{"rendered":"Evento celebra 200 anos da Constitui\u00e7\u00e3o"},"content":{"rendered":"<p style=\"font-weight: 400;\">A C\u00e2mara Municipal de Jo\u00e3o Pessoa (CMJP) realizou, no audit\u00f3rio da Casa, evento comemorativo aos 200 anos da Constitui\u00e7\u00e3o Brasileira. A ocasi\u00e3o reuniu professores e estudiosos sobre o assunto.<\/p>\n<p style=\"font-weight: 400;\">O vereador Carl\u00e3o (PL) foi um dos organizadores e falou sobre a import\u00e2ncia da CMJP trazer o assunto para o debate. \u201cO intuito \u00e9 nos reunirmos para celebrar os 200 anos da primeira Constitui\u00e7\u00e3o do Brasil, quando ainda era Imp\u00e9rio. N\u00f3s temos valores na nossa Constitui\u00e7\u00e3o que precisam ser preservados e eu, como advogado, sei que a nossa Constitui\u00e7\u00e3o tem suas causas p\u00e9treas, que defendem os valores e princ\u00edpios individuais, das liberdades individuais das pessoas. Por isso, decidimos realizar esse evento para debater os 200 anos da Constitui\u00e7\u00e3o, que defende os direitos dos brasileiros\u201d, disse.<\/p>\n<p style=\"font-weight: 400;\">Para o parlamentar, \u00e9 importante celebrar um livro t\u00e3o simb\u00f3lico, que baseia todas as outras leis. \u201cA Constitui\u00e7\u00e3o do Brasil \u00e9 aquilo que nos d\u00e1 os direitos e garantias individuais. Ela precisa ser celebrada, ainda que homens tentem n\u00e3o cumpri-la e que poderes tentem usurp\u00e1-la. A defesa e a celebra\u00e7\u00e3o da Constitui\u00e7\u00e3o Brasileira \u00e9 a defesa das liberdades e direitos individuais\u201d acrescentou.<\/p>\n<p style=\"font-weight: 400;\">O professor e historiador Felipe Mateus disse que \u00e9 muito importante ver o poder p\u00fablico promovendo a\u00e7\u00f5es no sentido de preservar a mem\u00f3ria. \u201cQuando do bicenten\u00e1rio da nossa independ\u00eancia, 200 anos, o Estado e a Prefeitura nada fizeram para rememorar a data aqui em Jo\u00e3o Pessoa. Fato exemplar disso \u00e9 que a Pra\u00e7a da Independ\u00eancia, que foi colocada ali para celebrar os 100 anos da independ\u00eancia do Brasil, sequer foi reformada. \u00c9 muito louv\u00e1vel que um vereador promova uma lembran\u00e7a da nossa carta constitucional de maior durabilidade da hist\u00f3ria do Brasil. Ela tinha uma inspira\u00e7\u00e3o liberal, mas conservava certa originalidade que ligava o Brasil \u00e0 Portugal, e n\u00f3s t\u00ednhamos um poder moderador, que foi um ponto de estabilidade, tanto por parte do pr\u00f3prio Dom Pedro I, quanto por parte de Dom Pedro II, que garantiu essa sustentabilidade da Constitui\u00e7\u00e3o pelo longo per\u00edodo que perdurou\u201d, destacou.<\/p>\n<p style=\"font-weight: 400;\">Participaram ainda do evento Roberto Imperiano, do Movimento de Restaura\u00e7\u00e3o da Monarquia no Brasil; Dom Bertrand (de forma remota), entre outras pessoas que gostam do perito imperial e dos valores da Monarquia.<\/p>\n<p>CMJP<\/p>\n","protected":false},"excerpt":{"rendered":"<p>A C\u00e2mara Municipal de Jo\u00e3o Pessoa (CMJP) realizou, no audit\u00f3rio da Casa, evento comemorativo aos 200 anos da Constitui\u00e7\u00e3o Brasileira. A ocasi\u00e3o reuniu professores e estudiosos sobre o assunto. O vereador Carl\u00e3o (PL) foi um dos organizadores e falou sobre a import\u00e2ncia da CMJP trazer o assunto para o debate. \u201cO intuito \u00e9 nos reunirmos &hellip;<\/p>\n","protected":false},"author":1,"featured_media":97483,"comment_status":"open","ping_status":"open","sticky":false,"template":"","format":"standard","meta":{"footnotes":""},"categories":[18],"tags":[],"class_list":["post-121936","post","type-post","status-publish","format-standard","has-post-thumbnail","hentry","category-brasil"],"_links":{"self":[{"href":"https:\/\/iparaiba.com.br\/index.php\/wp-json\/wp\/v2\/posts\/121936","targetHints":{"allow":["GET"]}}],"collection":[{"href":"https:\/\/iparaiba.com.br\/index.php\/wp-json\/wp\/v2\/posts"}],"about":[{"href":"https:\/\/iparaiba.com.br\/index.php\/wp-json\/wp\/v2\/types\/post"}],"author":[{"embeddable":true,"href":"https:\/\/iparaiba.com.br\/index.php\/wp-json\/wp\/v2\/users\/1"}],"replies":[{"embeddable":true,"href":"https:\/\/iparaiba.com.br\/index.php\/wp-json\/wp\/v2\/comments?post=121936"}],"version-history":[{"count":1,"href":"https:\/\/iparaiba.com.br\/index.php\/wp-json\/wp\/v2\/posts\/121936\/revisions"}],"predecessor-version":[{"id":121970,"href":"https:\/\/iparaiba.com.br\/index.php\/wp-json\/wp\/v2\/posts\/121936\/revisions\/121970"}],"wp:featuredmedia":[{"embeddable":true,"href":"https:\/\/iparaiba.com.br\/index.php\/wp-json\/wp\/v2\/media\/97483"}],"wp:attachment":[{"href":"https:\/\/iparaiba.com.br\/index.php\/wp-json\/wp\/v2\/media?parent=121936"}],"wp:term":[{"taxonomy":"category","embeddable":true,"href":"https:\/\/iparaiba.com.br\/index.php\/wp-json\/wp\/v2\/categories?post=121936"},{"taxonomy":"post_tag","embeddable":true,"href":"https:\/\/iparaiba.com.br\/index.php\/wp-json\/wp\/v2\/tags?post=121936"}],"curies":[{"name":"wp","href":"https:\/\/api.w.org\/{rel}","templated":true}]}}