{"id":121934,"date":"2024-05-09T06:02:49","date_gmt":"2024-05-09T09:02:49","guid":{"rendered":"https:\/\/onordeste.com.br\/?p=121925"},"modified":"2024-05-09T06:02:49","modified_gmt":"2024-05-09T09:02:49","slug":"regras-para-uso-de-recurso-publico-devem-ser-flexiveis-em-situacoes-de-calamidade","status":"publish","type":"post","link":"https:\/\/iparaiba.com.br\/index.php\/2024\/05\/09\/regras-para-uso-de-recurso-publico-devem-ser-flexiveis-em-situacoes-de-calamidade\/","title":{"rendered":"Regras para uso de recurso p\u00fablico devem ser flex\u00edveis em situa\u00e7\u00f5es de calamidade"},"content":{"rendered":"<p>O presidente do Tribunal de Contas da Uni\u00e3o (TCU), ministro Bruno Dantas, esteve neste domingo (5\/5) em Porto Alegre (RS)\u00a0<strong>para reuni\u00e3o que tratou das enchentes que afetam o estado desde a semana passada<\/strong>. A participa\u00e7\u00e3o se deu a convite do presidente da Rep\u00fablica, Luiz In\u00e1cio Lula da Silva. A comitiva sobrevoou as \u00e1reas atingidas pela inunda\u00e7\u00e3o e debateu a\u00e7\u00f5es do governo federal para prestar assist\u00eancia \u00e0s v\u00edtimas atingidas pelas chuvas.<\/p>\n<p>Durante o encontro, Dantas defendeu\u00a0<strong>regras mais flex\u00edveis para o uso de recursos p\u00fablicos em situa\u00e7\u00f5es de calamidade<\/strong>, como a que ocorre no estado. \u201cEm tempos excepcionais, \u00e9 necess\u00e1rio ter sensibilidade e flexibilidade redobradas para que o controle seja instrumento de a\u00e7\u00e3o, n\u00e3o pretexto para omiss\u00e3o. Isso para garantir que o objetivo final de toda a a\u00e7\u00e3o do Estado, que \u00e9 a prote\u00e7\u00e3o dos cidad\u00e3os, seja atingido de maneira eficaz\u201d, afirmou.<\/p>\n<p>Um dos pontos debatidos na reuni\u00e3o foi a<strong>\u00a0possibilidade de cria\u00e7\u00e3o de um \u201cor\u00e7amento de guerra\u201d para reconstru\u00e7\u00e3o da estrutura<\/strong>\u00a0afetada. Ao longo desta semana, o Pal\u00e1cio do Planalto e o Congresso Nacional devem discutir medidas emergenciais de aux\u00edlio ao estado.<\/p>\n<p>Iniciativa semelhante foi adotada em 2020, para enfrentamento da pandemia da Covid-19. A\u00a0<strong>PEC 10\/2020<\/strong>\u00a0instituiu regime extraordin\u00e1rio fiscal para simplificar os gastos do governo federal no per\u00edodo emergencial. A iniciativa permitiu agilizar compras, realizar obras, contratar pessoal e servi\u00e7os para as a\u00e7\u00f5es de combate ao v\u00edrus.<strong>\u00a0O TCU participou da elabora\u00e7\u00e3o do or\u00e7amento, na ocasi\u00e3o.<\/strong><\/p>\n<p>A comitiva foi composta por diversas autoridades, como o presidente do Senado Federal, Rodrigo Pacheco, o presidente da C\u00e2mara dos Deputados, Arthur Lira, o ministro Edson Fachin, do Supremo Tribunal Federal (STF), al\u00e9m de ministros de Estado.<\/p>\n","protected":false},"excerpt":{"rendered":"<p>O presidente do Tribunal de Contas da Uni\u00e3o (TCU), ministro Bruno Dantas, esteve neste domingo (5\/5) em Porto Alegre (RS)\u00a0para reuni\u00e3o que tratou das enchentes que afetam o estado desde a semana passada. A participa\u00e7\u00e3o se deu a convite do presidente da Rep\u00fablica, Luiz In\u00e1cio Lula da Silva. A comitiva sobrevoou as \u00e1reas atingidas pela &hellip;<\/p>\n","protected":false},"author":1,"featured_media":97452,"comment_status":"open","ping_status":"open","sticky":false,"template":"","format":"standard","meta":{"footnotes":""},"categories":[6],"tags":[],"class_list":["post-121934","post","type-post","status-publish","format-standard","has-post-thumbnail","hentry","category-destaques"],"_links":{"self":[{"href":"https:\/\/iparaiba.com.br\/index.php\/wp-json\/wp\/v2\/posts\/121934","targetHints":{"allow":["GET"]}}],"collection":[{"href":"https:\/\/iparaiba.com.br\/index.php\/wp-json\/wp\/v2\/posts"}],"about":[{"href":"https:\/\/iparaiba.com.br\/index.php\/wp-json\/wp\/v2\/types\/post"}],"author":[{"embeddable":true,"href":"https:\/\/iparaiba.com.br\/index.php\/wp-json\/wp\/v2\/users\/1"}],"replies":[{"embeddable":true,"href":"https:\/\/iparaiba.com.br\/index.php\/wp-json\/wp\/v2\/comments?post=121934"}],"version-history":[{"count":1,"href":"https:\/\/iparaiba.com.br\/index.php\/wp-json\/wp\/v2\/posts\/121934\/revisions"}],"predecessor-version":[{"id":121968,"href":"https:\/\/iparaiba.com.br\/index.php\/wp-json\/wp\/v2\/posts\/121934\/revisions\/121968"}],"wp:featuredmedia":[{"embeddable":true,"href":"https:\/\/iparaiba.com.br\/index.php\/wp-json\/wp\/v2\/media\/97452"}],"wp:attachment":[{"href":"https:\/\/iparaiba.com.br\/index.php\/wp-json\/wp\/v2\/media?parent=121934"}],"wp:term":[{"taxonomy":"category","embeddable":true,"href":"https:\/\/iparaiba.com.br\/index.php\/wp-json\/wp\/v2\/categories?post=121934"},{"taxonomy":"post_tag","embeddable":true,"href":"https:\/\/iparaiba.com.br\/index.php\/wp-json\/wp\/v2\/tags?post=121934"}],"curies":[{"name":"wp","href":"https:\/\/api.w.org\/{rel}","templated":true}]}}