{"id":121913,"date":"2024-04-30T09:06:00","date_gmt":"2024-04-30T12:06:00","guid":{"rendered":"https:\/\/onordeste.com.br\/?p=121873"},"modified":"2024-04-30T09:06:00","modified_gmt":"2024-04-30T12:06:00","slug":"campanha-maio-furta-cor-sera-realizada-em-campina-grande","status":"publish","type":"post","link":"https:\/\/iparaiba.com.br\/index.php\/2024\/04\/30\/campanha-maio-furta-cor-sera-realizada-em-campina-grande\/","title":{"rendered":"Campanha Maio Furta-Cor ser\u00e1 realizada em Campina Grande"},"content":{"rendered":"<p dir=\"ltr\">Durante todo o m\u00eas de Maio, \u00e9poca em que celebramos nacionalmente o m\u00eas das m\u00e3es, ser\u00e1 realizada pelo terceiro ano consecutivo, em Campina Grande, a campanha Maio Furta-Cor, que \u00e9 uma campanha comunit\u00e1ria sem fins lucrativos, democr\u00e1tica e apartid\u00e1ria que visa sensibilizar a popula\u00e7\u00e3o para a causa da sa\u00fade mental materna.<\/p>\n<p dir=\"ltr\">\u00a0\u00a0No munic\u00edpio de Campina Grande, o movimento \u00e9 regido pela psic\u00f3loga Daiane Arantes. \u201cO Maio Furta-Cor chegou em Campina Grande em 2022, ainda com a\u00e7\u00f5es mais t\u00edmidas, pouco conhecido, ganhando for\u00e7a a partir de 2023 atrav\u00e9s da Lei\u00a08.498\/22, de\u00a0autoria da ent\u00e3o vereadora Carol Gomes,\u00a0 o que acabou dando visibilidade para campanha, que tomou outra propor\u00e7\u00e3o no mesmo ano\u201d, informou a psic\u00f3loga.<\/p>\n<p dir=\"ltr\">\u201cUma a cada quatro mulheres sofrem de depress\u00e3o p\u00f3s-parto, uma a cada duas \u00e9 demitida ap\u00f3s tornar-se m\u00e3e; uma a cada quatro sofre viol\u00eancia no parto, mais de 50% s\u00e3o mulheres negras e de periferia. Segundo dados do IBGE, 11 milh\u00f5es de m\u00e3es s\u00e3o inteiramente respons\u00e1veis pelo seu lar. Segundo a Organiza\u00e7\u00e3o Mundial da Sa\u00fade, 830 mulheres morrem no parto por ano no Brasil, e 8,5 milh\u00f5es de mulheres sa\u00edram do mercado de trabalho devido \u00e0 sobrecarga\u201d, disse Daiane.<\/p>\n<p dir=\"ltr\">Em 2024, o lema nacional da campanha \u00e9 \u2018Uma m\u00e3e leva a outra\u2019. Na programa\u00e7\u00e3o, a abertura acontecer\u00e1 no dia 2 de maio, \u00e0s 15h, no Parque da Crian\u00e7a. No dia 17, das 10h \u00e0s 13h, ser\u00e1 realizado o Pit Stop, na Pra\u00e7a da Bandeira, com distribui\u00e7\u00e3o de folhetos na tentativa de chamar aten\u00e7\u00e3o da sociedade para a tem\u00e1tica.<\/p>\n<p dir=\"ltr\">No dia 21, a partir das 8h30, no Teatro Municipal Severino Cabral, ser\u00e1 realizado o\u00a0 1\u00ba Simp\u00f3sio Interdisciplinar de Sa\u00fade Mental Materna, e contar\u00e1 com mesas-redondas, mostra de pr\u00e1ticas exitosas e trocas de experi\u00eancias sobre o tema. Um dos grandes destaques da programa\u00e7\u00e3o \u00e9 a realiza\u00e7\u00e3o da Marcha Furta-Cor, que ser\u00e1 realizada no dia 25, \u00e0s 15h, no Parque da Crian\u00e7a. Paralelamente ao evento, acontecer\u00e1 a Feira de Empreendedorismo Materno com a exposi\u00e7\u00e3o de produtos confeccionados por m\u00e3es empreendedoras.<\/p>\n<p dir=\"ltr\">J\u00e1 no dia 27, finalizando a campanha 2024, a partir das 13h, no Teatro Rosil Cavalcanti, acontecer\u00e1 o I Encontro Mulheres de Neg\u00f3cio, trazendo capacita\u00e7\u00f5es que abordar\u00e3o os desafios do empreendedorismo materno.<\/p>\n<p dir=\"ltr\">Para mais informa\u00e7\u00f5es:<\/p>\n<p dir=\"ltr\">Daiane Arantes &#8211; @florescendomae (83) 9 8689-4592<\/p>\n","protected":false},"excerpt":{"rendered":"<p>Durante todo o m\u00eas de Maio, \u00e9poca em que celebramos nacionalmente o m\u00eas das m\u00e3es, ser\u00e1 realizada pelo terceiro ano consecutivo, em Campina Grande, a campanha Maio Furta-Cor, que \u00e9 uma campanha comunit\u00e1ria sem fins lucrativos, democr\u00e1tica e apartid\u00e1ria que visa sensibilizar a popula\u00e7\u00e3o para a causa da sa\u00fade mental materna. \u00a0\u00a0No munic\u00edpio de Campina &hellip;<\/p>\n","protected":false},"author":1,"featured_media":103976,"comment_status":"open","ping_status":"open","sticky":false,"template":"","format":"standard","meta":{"footnotes":""},"categories":[15],"tags":[],"class_list":["post-121913","post","type-post","status-publish","format-standard","has-post-thumbnail","hentry","category-links"],"_links":{"self":[{"href":"https:\/\/iparaiba.com.br\/index.php\/wp-json\/wp\/v2\/posts\/121913","targetHints":{"allow":["GET"]}}],"collection":[{"href":"https:\/\/iparaiba.com.br\/index.php\/wp-json\/wp\/v2\/posts"}],"about":[{"href":"https:\/\/iparaiba.com.br\/index.php\/wp-json\/wp\/v2\/types\/post"}],"author":[{"embeddable":true,"href":"https:\/\/iparaiba.com.br\/index.php\/wp-json\/wp\/v2\/users\/1"}],"replies":[{"embeddable":true,"href":"https:\/\/iparaiba.com.br\/index.php\/wp-json\/wp\/v2\/comments?post=121913"}],"version-history":[{"count":0,"href":"https:\/\/iparaiba.com.br\/index.php\/wp-json\/wp\/v2\/posts\/121913\/revisions"}],"wp:featuredmedia":[{"embeddable":true,"href":"https:\/\/iparaiba.com.br\/index.php\/wp-json\/wp\/v2\/media\/103976"}],"wp:attachment":[{"href":"https:\/\/iparaiba.com.br\/index.php\/wp-json\/wp\/v2\/media?parent=121913"}],"wp:term":[{"taxonomy":"category","embeddable":true,"href":"https:\/\/iparaiba.com.br\/index.php\/wp-json\/wp\/v2\/categories?post=121913"},{"taxonomy":"post_tag","embeddable":true,"href":"https:\/\/iparaiba.com.br\/index.php\/wp-json\/wp\/v2\/tags?post=121913"}],"curies":[{"name":"wp","href":"https:\/\/api.w.org\/{rel}","templated":true}]}}