{"id":121912,"date":"2024-04-30T09:04:57","date_gmt":"2024-04-30T12:04:57","guid":{"rendered":"https:\/\/onordeste.com.br\/?p=121871"},"modified":"2024-04-30T09:04:57","modified_gmt":"2024-04-30T12:04:57","slug":"estudantes-terao-passe-livre-nos-dias-do-enem","status":"publish","type":"post","link":"https:\/\/iparaiba.com.br\/index.php\/2024\/04\/30\/estudantes-terao-passe-livre-nos-dias-do-enem\/","title":{"rendered":"Estudantes ter\u00e3o Passe Livre nos dias do Enem"},"content":{"rendered":"<p>A Para\u00edba ganhou mais uma lei que apoia os estudantes do Estado. A Lei 13.182\/24 garante passe livre nos transportes de concess\u00e3o estadual durante os dias de realiza\u00e7\u00e3o do Exame Nacional do Ensino M\u00e9dio (ENEM). A iniciativa \u00e9 do deputado Wilson Filho e visa facilitar o acesso aos locais de prova.<\/p>\n<p>De acordo com a nova legisla\u00e7\u00e3o, os estudantes inscritos no Enem podem utilizar gratuitamente os \u00f4nibus intermunicipais, trens, metr\u00f4s e barcas no Estado da Para\u00edba, nos dias em que ocorrem as provas.<\/p>\n<p>Para usufruir do benef\u00edcio, os estudantes dever\u00e3o apresentar o cart\u00e3o de confirma\u00e7\u00e3o da inscri\u00e7\u00e3o junto com um documento oficial com foto.<\/p>\n<p>Os custos associados \u00e0 implementa\u00e7\u00e3o desta lei ser\u00e3o cobertos pelas dota\u00e7\u00f5es or\u00e7ament\u00e1rias consignadas ao Fundo de Combate e Erradica\u00e7\u00e3o da Pobreza no Estado da Para\u00edba (FUNCEP), criado pela Lei N\u00ba 7.611\/2004. O governo estadual poder\u00e1, se necess\u00e1rio, suplementar esses recursos para garantir a cobertura completa do benef\u00edcio.<\/p>\n","protected":false},"excerpt":{"rendered":"<p>A Para\u00edba ganhou mais uma lei que apoia os estudantes do Estado. A Lei 13.182\/24 garante passe livre nos transportes de concess\u00e3o estadual durante os dias de realiza\u00e7\u00e3o do Exame Nacional do Ensino M\u00e9dio (ENEM). A iniciativa \u00e9 do deputado Wilson Filho e visa facilitar o acesso aos locais de prova. De acordo com a &hellip;<\/p>\n","protected":false},"author":1,"featured_media":108092,"comment_status":"open","ping_status":"open","sticky":false,"template":"","format":"standard","meta":{"footnotes":""},"categories":[11],"tags":[],"class_list":["post-121912","post","type-post","status-publish","format-standard","has-post-thumbnail","hentry","category-educacao"],"_links":{"self":[{"href":"https:\/\/iparaiba.com.br\/index.php\/wp-json\/wp\/v2\/posts\/121912","targetHints":{"allow":["GET"]}}],"collection":[{"href":"https:\/\/iparaiba.com.br\/index.php\/wp-json\/wp\/v2\/posts"}],"about":[{"href":"https:\/\/iparaiba.com.br\/index.php\/wp-json\/wp\/v2\/types\/post"}],"author":[{"embeddable":true,"href":"https:\/\/iparaiba.com.br\/index.php\/wp-json\/wp\/v2\/users\/1"}],"replies":[{"embeddable":true,"href":"https:\/\/iparaiba.com.br\/index.php\/wp-json\/wp\/v2\/comments?post=121912"}],"version-history":[{"count":0,"href":"https:\/\/iparaiba.com.br\/index.php\/wp-json\/wp\/v2\/posts\/121912\/revisions"}],"wp:featuredmedia":[{"embeddable":true,"href":"https:\/\/iparaiba.com.br\/index.php\/wp-json\/wp\/v2\/media\/108092"}],"wp:attachment":[{"href":"https:\/\/iparaiba.com.br\/index.php\/wp-json\/wp\/v2\/media?parent=121912"}],"wp:term":[{"taxonomy":"category","embeddable":true,"href":"https:\/\/iparaiba.com.br\/index.php\/wp-json\/wp\/v2\/categories?post=121912"},{"taxonomy":"post_tag","embeddable":true,"href":"https:\/\/iparaiba.com.br\/index.php\/wp-json\/wp\/v2\/tags?post=121912"}],"curies":[{"name":"wp","href":"https:\/\/api.w.org\/{rel}","templated":true}]}}