{"id":121910,"date":"2024-04-30T09:02:17","date_gmt":"2024-04-30T12:02:17","guid":{"rendered":"https:\/\/onordeste.com.br\/?p=121867"},"modified":"2024-04-30T09:02:17","modified_gmt":"2024-04-30T12:02:17","slug":"alpb-e-assembleia-de-santa-catarina-debatem-acoes-em-defesa-do-meio-ambiente","status":"publish","type":"post","link":"https:\/\/iparaiba.com.br\/index.php\/2024\/04\/30\/alpb-e-assembleia-de-santa-catarina-debatem-acoes-em-defesa-do-meio-ambiente\/","title":{"rendered":"ALPB e Assembleia de Santa Catarina debatem a\u00e7\u00f5es em defesa do meio ambiente"},"content":{"rendered":"<p>A Frente Parlamentar da Agricultura Familiar, Agroecologia e Energias Renov\u00e1veis da Assembleia Legislativa da Para\u00edba (ALPB) realizou uma reuni\u00e3o, na tarde desta segunda-feira (29), em conjunto com a Comiss\u00e3o de Meio Ambiente e Turismo da Assembleia Legislativa de Santa Catarina, para apresentar uma proposta de realiza\u00e7\u00e3o de encontro das Frentes Parlamentares e Comiss\u00f5es do Meio Ambiente de todas as Assembleias Legislativas do Brasil.<\/p>\n<p>A reuni\u00e3o aconteceu na Universidade Federal da Para\u00edba (UFPB) e foi proposto pela presidente da Comiss\u00e3o, a deputada Cida Ramos. \u201cO objetivo desse encontro \u00e9 tratar projetos em defesa do meio ambiente. \u00c9 fundamental que a gente possa articular a a\u00e7\u00e3o do Legislativo na \u00e1rea do meio ambiente. Proteger a nossa fauna, proteger as nossas riquezas e recursos naturais \u00e9 tarefa na Para\u00edba e do Brasil inteiro\u201d, ressaltou a parlamentar.<\/p>\n<p>Cida destacou a necessidade de discutir o impacto das energias renov\u00e1veis no meio ambiente e a import\u00e2ncia da contribui\u00e7\u00e3o da universidade e de outros segmentos da sociedade. Ela tamb\u00e9m mencionou a articula\u00e7\u00e3o com os catadores de res\u00edduos s\u00f3lidos em defesa do meio ambiente e da vida.<\/p>\n<p>O presidente da Comiss\u00e3o do Meio Ambiente da Assembleia de Santa Catarina, Marcos Jos\u00e9 Abreu (Deputado Marquito), destacou a necessidade da troca de experi\u00eancias e ressaltou a coopera\u00e7\u00e3o entre as Assembleias Legislativas. \u201cNosso mandato \u00e9 pautado pela agroecologia, portanto temos algumas a\u00e7\u00f5es similares com o mandato da deputada Cida, e viemos trocar experi\u00eancias. Estou trazendo aqui algumas leis e projetos de Santa Catarina e quero ouvir e conhecer as que s\u00e3o aplicadas aqui na Para\u00edba, al\u00e9m de dialogar com os movimentos sociais e os professores da UFPB que d\u00e3o a sustenta\u00e7\u00e3o te\u00f3rica e cient\u00edfica na defesa do meio ambiente, disse.<\/p>\n<p>O professor Ricardo Figueiredo, da UFPB, destacou a import\u00e2ncia da troca de experi\u00eancias entre a Assembleia Legislativa e a universidade. \u201cN\u00f3s entendemos que a Universidade e as Assembleias n\u00e3o podem ficar alheias a essas quest\u00f5es, e n\u00e3o tem ficado em v\u00e1rios setores, mas especialmente n\u00f3s que fazemos o sindicato, e o grupo de trabalho relacionado a essa quest\u00e3o ambiental, urbana e agricultura, temos que estar sempre participando de forma constante\u201d, disse.<\/p>\n<p>A reuni\u00e3o contou ainda com a presen\u00e7a do vereador de Jo\u00e3o Pessoa, Marcos Henriques; de professores da UFPB, do Grupo de Trabalho PAUA da Aduf, dos movimentos sociais e entidades envolvidas com o meio ambiente.<\/p>\n","protected":false},"excerpt":{"rendered":"<p>A Frente Parlamentar da Agricultura Familiar, Agroecologia e Energias Renov\u00e1veis da Assembleia Legislativa da Para\u00edba (ALPB) realizou uma reuni\u00e3o, na tarde desta segunda-feira (29), em conjunto com a Comiss\u00e3o de Meio Ambiente e Turismo da Assembleia Legislativa de Santa Catarina, para apresentar uma proposta de realiza\u00e7\u00e3o de encontro das Frentes Parlamentares e Comiss\u00f5es do Meio &hellip;<\/p>\n","protected":false},"author":1,"featured_media":116533,"comment_status":"open","ping_status":"open","sticky":false,"template":"","format":"standard","meta":{"footnotes":""},"categories":[8],"tags":[],"class_list":["post-121910","post","type-post","status-publish","format-standard","has-post-thumbnail","hentry","category-politica"],"_links":{"self":[{"href":"https:\/\/iparaiba.com.br\/index.php\/wp-json\/wp\/v2\/posts\/121910","targetHints":{"allow":["GET"]}}],"collection":[{"href":"https:\/\/iparaiba.com.br\/index.php\/wp-json\/wp\/v2\/posts"}],"about":[{"href":"https:\/\/iparaiba.com.br\/index.php\/wp-json\/wp\/v2\/types\/post"}],"author":[{"embeddable":true,"href":"https:\/\/iparaiba.com.br\/index.php\/wp-json\/wp\/v2\/users\/1"}],"replies":[{"embeddable":true,"href":"https:\/\/iparaiba.com.br\/index.php\/wp-json\/wp\/v2\/comments?post=121910"}],"version-history":[{"count":0,"href":"https:\/\/iparaiba.com.br\/index.php\/wp-json\/wp\/v2\/posts\/121910\/revisions"}],"wp:featuredmedia":[{"embeddable":true,"href":"https:\/\/iparaiba.com.br\/index.php\/wp-json\/wp\/v2\/media\/116533"}],"wp:attachment":[{"href":"https:\/\/iparaiba.com.br\/index.php\/wp-json\/wp\/v2\/media?parent=121910"}],"wp:term":[{"taxonomy":"category","embeddable":true,"href":"https:\/\/iparaiba.com.br\/index.php\/wp-json\/wp\/v2\/categories?post=121910"},{"taxonomy":"post_tag","embeddable":true,"href":"https:\/\/iparaiba.com.br\/index.php\/wp-json\/wp\/v2\/tags?post=121910"}],"curies":[{"name":"wp","href":"https:\/\/api.w.org\/{rel}","templated":true}]}}