{"id":121907,"date":"2024-05-02T16:00:20","date_gmt":"2024-05-02T19:00:20","guid":{"rendered":"https:\/\/onordeste.com.br\/?p=121907"},"modified":"2024-05-02T16:00:20","modified_gmt":"2024-05-02T19:00:20","slug":"brasil-passa-de-4-milhoes-de-casos-de-dengue","status":"publish","type":"post","link":"https:\/\/iparaiba.com.br\/index.php\/2024\/05\/02\/brasil-passa-de-4-milhoes-de-casos-de-dengue\/","title":{"rendered":"Brasil passa de 4 milh\u00f5es de casos de dengue"},"content":{"rendered":"<p>O Brasil passou de 4 milh\u00f5es de casos de dengue registrados neste ano, conforme atualiza\u00e7\u00e3o do Painel de Monitoramento das Arboviroses do Minist\u00e9rio da Sa\u00fade.<\/p>\n<p>No total, 4.127.571 casos prov\u00e1veis da doen\u00e7a notificados em todo o pa\u00eds nos quatro primeiros meses.<\/p>\n<p>Quanto \u00e0s mortes por dengue, 1.937 foram confirmadas e 2.345 est\u00e3o sob investiga\u00e7\u00e3o. O coeficiente de incid\u00eancia da doen\u00e7a no pa\u00eds \u00e9 2.032,7 casos para cada 100 mil habitantes.<\/p>\n<p>A faixa et\u00e1ria mais afetada \u00e9 de 20 a 29 anos, que concentra a maior parte dos casos. J\u00e1 a faixa et\u00e1ria menos atingida \u00e9 a de crian\u00e7as menores de 1 ano, seguida por pessoas com 80 anos ou mais e por crian\u00e7as de 1 a 4 anos.<\/p>\n<p>As unidades da Federa\u00e7\u00e3o com maior incid\u00eancia da doen\u00e7a s\u00e3o Distrito Federal, Minas Gerais, Paran\u00e1, Esp\u00edrito Santo, Goi\u00e1s e Santa Catarina.<\/p>\n<p>Proje\u00e7\u00f5es divulgadas no in\u00edcio do ano apontam que os casos da dengue no pa\u00eds podem chegar a 4.225.885 de casos.<\/p>\n<p>O Minist\u00e9rio da Sa\u00fade e o governo de Minas Gerais inauguraram nesta segunda-feira (29), em Belo Horizonte, a Biof\u00e1brica Wolbachia.<\/p>\n<p>A unidade, administrada pela Funda\u00e7\u00e3o Oswaldo Cruz (Fiocruz), vai permitir ao Brasil ampliar sua capacidade de produ\u00e7\u00e3o de uma das principais tecnologias no combate \u00e0 dengue e outras arboviroses.<\/p>\n<p>A Wolbachia \u00e9 uma bact\u00e9ria presente em cerca de 60% dos insetos na natureza, mas ausente naturalmente no Aedes aegypti.<\/p>\n<p>O chamado m\u00e9todo Wolbachia consiste em inserir a bact\u00e9ria em ovos do mosquito em laborat\u00f3rio e criar Aedes aegypti que portam o microrganismo.<\/p>\n<p>Infectados pela Wolbachia, eles n\u00e3o s\u00e3o capazes de carregar os v\u00edrus que causam dengue, zika, chikungunya ou febre amarela.<\/p>\n","protected":false},"excerpt":{"rendered":"<p>O Brasil passou de 4 milh\u00f5es de casos de dengue registrados neste ano, conforme atualiza\u00e7\u00e3o do Painel de Monitoramento das Arboviroses do Minist\u00e9rio da Sa\u00fade. No total, 4.127.571 casos prov\u00e1veis da doen\u00e7a notificados em todo o pa\u00eds nos quatro primeiros meses. Quanto \u00e0s mortes por dengue, 1.937 foram confirmadas e 2.345 est\u00e3o sob investiga\u00e7\u00e3o. O &hellip;<\/p>\n","protected":false},"author":1,"featured_media":98724,"comment_status":"open","ping_status":"open","sticky":false,"template":"","format":"standard","meta":{"footnotes":""},"categories":[10],"tags":[],"class_list":["post-121907","post","type-post","status-publish","format-standard","has-post-thumbnail","hentry","category-manchetes"],"_links":{"self":[{"href":"https:\/\/iparaiba.com.br\/index.php\/wp-json\/wp\/v2\/posts\/121907","targetHints":{"allow":["GET"]}}],"collection":[{"href":"https:\/\/iparaiba.com.br\/index.php\/wp-json\/wp\/v2\/posts"}],"about":[{"href":"https:\/\/iparaiba.com.br\/index.php\/wp-json\/wp\/v2\/types\/post"}],"author":[{"embeddable":true,"href":"https:\/\/iparaiba.com.br\/index.php\/wp-json\/wp\/v2\/users\/1"}],"replies":[{"embeddable":true,"href":"https:\/\/iparaiba.com.br\/index.php\/wp-json\/wp\/v2\/comments?post=121907"}],"version-history":[{"count":1,"href":"https:\/\/iparaiba.com.br\/index.php\/wp-json\/wp\/v2\/posts\/121907\/revisions"}],"predecessor-version":[{"id":121930,"href":"https:\/\/iparaiba.com.br\/index.php\/wp-json\/wp\/v2\/posts\/121907\/revisions\/121930"}],"wp:featuredmedia":[{"embeddable":true,"href":"https:\/\/iparaiba.com.br\/index.php\/wp-json\/wp\/v2\/media\/98724"}],"wp:attachment":[{"href":"https:\/\/iparaiba.com.br\/index.php\/wp-json\/wp\/v2\/media?parent=121907"}],"wp:term":[{"taxonomy":"category","embeddable":true,"href":"https:\/\/iparaiba.com.br\/index.php\/wp-json\/wp\/v2\/categories?post=121907"},{"taxonomy":"post_tag","embeddable":true,"href":"https:\/\/iparaiba.com.br\/index.php\/wp-json\/wp\/v2\/tags?post=121907"}],"curies":[{"name":"wp","href":"https:\/\/api.w.org\/{rel}","templated":true}]}}