{"id":121897,"date":"2024-05-01T18:00:00","date_gmt":"2024-05-01T21:00:00","guid":{"rendered":"https:\/\/onordeste.com.br\/?p=121897"},"modified":"2024-05-01T18:00:00","modified_gmt":"2024-05-01T21:00:00","slug":"mantida-reducao-do-icms-sobre-oleo-diesel-para-empresas-de-transporte","status":"publish","type":"post","link":"https:\/\/iparaiba.com.br\/index.php\/2024\/05\/01\/mantida-reducao-do-icms-sobre-oleo-diesel-para-empresas-de-transporte\/","title":{"rendered":"Mantida redu\u00e7\u00e3o do ICMS sobre \u00f3leo diesel para empresas de transporte"},"content":{"rendered":"<p>O governador Jo\u00e3o Azev\u00eado manteve o apoio \u00e0s empresas de transportes de passageiros urbano, da Regi\u00e3o Metropolitana de Jo\u00e3o Pessoa e de Campina Grande , bem como das empresas de Transporte Intermunicipal reduzindo em 50% a carga tribut\u00e1ria do ICMS incidente sobre o \u00f3leo diesel, adquirido por essas empresas.<\/p>\n<p>Os decretos de apoio \u00e0s empresas de transporte coletivo com o objetivo de manter o pre\u00e7o das passagens aos usu\u00e1rios ser\u00e3o publicados na edi\u00e7\u00e3o do Di\u00e1rio Oficial do Estado deste s\u00e1bado (27). As medidas ter\u00e3o validade at\u00e9 dezembro de 2024.<\/p>\n<p>Outra medida que o governador decidiu tamb\u00e9m manter foi a do subs\u00eddio da passagem no segundo trecho das empresas, que participam do sistema de integra\u00e7\u00e3o.<\/p>\n<p>Para o secret\u00e1rio de Estado da Fazenda (Sefaz-PB), Marialvo Laureano, essas a\u00e7\u00f5es objetivam manter o pre\u00e7o das passagens para os cidad\u00e3os, bem como permitir que as empresas tenham condi\u00e7\u00f5es financeiras de renovar suas frotas.<\/p>\n","protected":false},"excerpt":{"rendered":"<p>O governador Jo\u00e3o Azev\u00eado manteve o apoio \u00e0s empresas de transportes de passageiros urbano, da Regi\u00e3o Metropolitana de Jo\u00e3o Pessoa e de Campina Grande , bem como das empresas de Transporte Intermunicipal reduzindo em 50% a carga tribut\u00e1ria do ICMS incidente sobre o \u00f3leo diesel, adquirido por essas empresas. Os decretos de apoio \u00e0s empresas &hellip;<\/p>\n","protected":false},"author":1,"featured_media":109342,"comment_status":"open","ping_status":"open","sticky":false,"template":"","format":"standard","meta":{"footnotes":""},"categories":[6],"tags":[],"class_list":["post-121897","post","type-post","status-publish","format-standard","has-post-thumbnail","hentry","category-destaques"],"_links":{"self":[{"href":"https:\/\/iparaiba.com.br\/index.php\/wp-json\/wp\/v2\/posts\/121897","targetHints":{"allow":["GET"]}}],"collection":[{"href":"https:\/\/iparaiba.com.br\/index.php\/wp-json\/wp\/v2\/posts"}],"about":[{"href":"https:\/\/iparaiba.com.br\/index.php\/wp-json\/wp\/v2\/types\/post"}],"author":[{"embeddable":true,"href":"https:\/\/iparaiba.com.br\/index.php\/wp-json\/wp\/v2\/users\/1"}],"replies":[{"embeddable":true,"href":"https:\/\/iparaiba.com.br\/index.php\/wp-json\/wp\/v2\/comments?post=121897"}],"version-history":[{"count":1,"href":"https:\/\/iparaiba.com.br\/index.php\/wp-json\/wp\/v2\/posts\/121897\/revisions"}],"predecessor-version":[{"id":121925,"href":"https:\/\/iparaiba.com.br\/index.php\/wp-json\/wp\/v2\/posts\/121897\/revisions\/121925"}],"wp:featuredmedia":[{"embeddable":true,"href":"https:\/\/iparaiba.com.br\/index.php\/wp-json\/wp\/v2\/media\/109342"}],"wp:attachment":[{"href":"https:\/\/iparaiba.com.br\/index.php\/wp-json\/wp\/v2\/media?parent=121897"}],"wp:term":[{"taxonomy":"category","embeddable":true,"href":"https:\/\/iparaiba.com.br\/index.php\/wp-json\/wp\/v2\/categories?post=121897"},{"taxonomy":"post_tag","embeddable":true,"href":"https:\/\/iparaiba.com.br\/index.php\/wp-json\/wp\/v2\/tags?post=121897"}],"curies":[{"name":"wp","href":"https:\/\/api.w.org\/{rel}","templated":true}]}}