{"id":121895,"date":"2024-05-01T14:00:29","date_gmt":"2024-05-01T17:00:29","guid":{"rendered":"https:\/\/onordeste.com.br\/?p=121893"},"modified":"2024-05-01T14:00:29","modified_gmt":"2024-05-01T17:00:29","slug":"lancado-calendario-do-ciclo-2024-das-audiencias-do-orcamento-democratico","status":"publish","type":"post","link":"https:\/\/iparaiba.com.br\/index.php\/2024\/05\/01\/lancado-calendario-do-ciclo-2024-das-audiencias-do-orcamento-democratico\/","title":{"rendered":"Lan\u00e7ado calend\u00e1rio do ciclo 2024 das audi\u00eancias do Or\u00e7amento Democr\u00e1tico"},"content":{"rendered":"<p>O governador Jo\u00e3o Azev\u00eado lan\u00e7ou em solenidade no Espa\u00e7o Cultural Jos\u00e9 Lins do Rego, em Jo\u00e3o Pessoa, o calend\u00e1rio das 16 Audi\u00eancias P\u00fablicas Regionais do Or\u00e7amento Democr\u00e1tico Estadual (ODE) \u2013 Ciclo 2024, que ir\u00e3o acontecer nas 14 regi\u00f5es geoadministrativas do Estado, envolvendo a popula\u00e7\u00e3o dos 223 munic\u00edpios paraibanos.<\/p>\n<p>As audi\u00eancias p\u00fablicas regionais ser\u00e3o iniciadas, a partir da pr\u00f3xima sexta-feira (3), em Cuit\u00e9. No s\u00e1bado (4), Campina Grande (4) sediar\u00e1 a segunda plen\u00e1ria do Or\u00e7amento Democr\u00e1tico.<\/p>\n<p>O calend\u00e1rio segue com audi\u00eancias em Cajazeiras (10 de maio), Sousa (11 de maio), Guarabira (16 de maio), Mamanguape (17 de maio), Catol\u00e9 do Rocha (31 de maio), Pombal (1 de junho), Patos (7 de junho), Monteiro (8 de junho), Itaporanga (14 de junho), Princesa Isabel (15 de junho), Juazeirinho (5 de julho), Pilar (6 de julho), Itabaiana (12 de julho) e Jo\u00e3o Pessoa (13 de julho).<\/p>\n<p>Na ocasi\u00e3o, o chefe do Executivo estadual ressaltou que o Or\u00e7amento Democr\u00e1tico Estadual \u00e9 mais uma a\u00e7\u00e3o do governo que promove inclus\u00e3o social e fortalece a democracia participativa. \u201cAtrav\u00e9s do Or\u00e7amento Democr\u00e1tico, ouvimos as demandas da sociedade porque esse \u00e9 um instrumento de empoderamento e que d\u00e1 respostas reais. J\u00e1 foram mais de R$ 3,6 bilh\u00f5es do or\u00e7amento investidos nas pol\u00edticas definidas pela popula\u00e7\u00e3o e\u00a0 mais de 450 mil participa\u00e7\u00f5es no Or\u00e7amento Democr\u00e1tico, atestando a sua credibilidade e capacidade de oferecer solu\u00e7\u00f5es r\u00e1pidas, contribuindo para a constru\u00e7\u00e3o de um estado cada vez melhor\u201d, frisou.<\/p>\n<p>O secret\u00e1rio de estado de Planejamento, Or\u00e7amento e Gest\u00e3o, Gilmar Martins, destacou o aprimoramento do Or\u00e7amento Democr\u00e1tico na gest\u00e3o estadual, que possibilitou uma maior participa\u00e7\u00e3o da sociedade. Ele tamb\u00e9m evidenciou a efic\u00e1cia do mecanismo na elabora\u00e7\u00e3o do or\u00e7amento do estado. \u201cN\u00f3s criamos a plataforma\u00a0<b>votacao.ode.pb.gov.br<\/b>\u00a0e todas as demandas v\u00e3o para o nosso banco de dados, a pr\u00f3pria sociedade elege as tr\u00eas prioridades de cada regi\u00e3o, n\u00f3s levamos esses dados para o governador, criamos marcadores na proposta or\u00e7ament\u00e1ria, que \u00e9 levada \u00e0 Assembleia Legislativa, e ap\u00f3s a aprova\u00e7\u00e3o damos andamento \u00e0s obras e todo o acompanhamento pode ser feito pelo Portal da Transpar\u00eancia\u201d, explicou.<\/p>\n","protected":false},"excerpt":{"rendered":"<p>O governador Jo\u00e3o Azev\u00eado lan\u00e7ou em solenidade no Espa\u00e7o Cultural Jos\u00e9 Lins do Rego, em Jo\u00e3o Pessoa, o calend\u00e1rio das 16 Audi\u00eancias P\u00fablicas Regionais do Or\u00e7amento Democr\u00e1tico Estadual (ODE) \u2013 Ciclo 2024, que ir\u00e3o acontecer nas 14 regi\u00f5es geoadministrativas do Estado, envolvendo a popula\u00e7\u00e3o dos 223 munic\u00edpios paraibanos. As audi\u00eancias p\u00fablicas regionais ser\u00e3o iniciadas, a &hellip;<\/p>\n","protected":false},"author":1,"featured_media":97479,"comment_status":"open","ping_status":"open","sticky":false,"template":"","format":"standard","meta":{"footnotes":""},"categories":[7],"tags":[],"class_list":["post-121895","post","type-post","status-publish","format-standard","has-post-thumbnail","hentry","category-diversas"],"_links":{"self":[{"href":"https:\/\/iparaiba.com.br\/index.php\/wp-json\/wp\/v2\/posts\/121895","targetHints":{"allow":["GET"]}}],"collection":[{"href":"https:\/\/iparaiba.com.br\/index.php\/wp-json\/wp\/v2\/posts"}],"about":[{"href":"https:\/\/iparaiba.com.br\/index.php\/wp-json\/wp\/v2\/types\/post"}],"author":[{"embeddable":true,"href":"https:\/\/iparaiba.com.br\/index.php\/wp-json\/wp\/v2\/users\/1"}],"replies":[{"embeddable":true,"href":"https:\/\/iparaiba.com.br\/index.php\/wp-json\/wp\/v2\/comments?post=121895"}],"version-history":[{"count":1,"href":"https:\/\/iparaiba.com.br\/index.php\/wp-json\/wp\/v2\/posts\/121895\/revisions"}],"predecessor-version":[{"id":121923,"href":"https:\/\/iparaiba.com.br\/index.php\/wp-json\/wp\/v2\/posts\/121895\/revisions\/121923"}],"wp:featuredmedia":[{"embeddable":true,"href":"https:\/\/iparaiba.com.br\/index.php\/wp-json\/wp\/v2\/media\/97479"}],"wp:attachment":[{"href":"https:\/\/iparaiba.com.br\/index.php\/wp-json\/wp\/v2\/media?parent=121895"}],"wp:term":[{"taxonomy":"category","embeddable":true,"href":"https:\/\/iparaiba.com.br\/index.php\/wp-json\/wp\/v2\/categories?post=121895"},{"taxonomy":"post_tag","embeddable":true,"href":"https:\/\/iparaiba.com.br\/index.php\/wp-json\/wp\/v2\/tags?post=121895"}],"curies":[{"name":"wp","href":"https:\/\/api.w.org\/{rel}","templated":true}]}}