{"id":121892,"date":"2024-05-01T08:00:29","date_gmt":"2024-05-01T11:00:29","guid":{"rendered":"https:\/\/onordeste.com.br\/?p=121887"},"modified":"2024-05-01T08:00:29","modified_gmt":"2024-05-01T11:00:29","slug":"alpb-debate-participacao-popular-na-construcao-de-politicas-publicas","status":"publish","type":"post","link":"https:\/\/iparaiba.com.br\/index.php\/2024\/05\/01\/alpb-debate-participacao-popular-na-construcao-de-politicas-publicas\/","title":{"rendered":"ALPB debate participa\u00e7\u00e3o popular na constru\u00e7\u00e3o de pol\u00edticas p\u00fablicas"},"content":{"rendered":"<p>A Comiss\u00e3o de Legisla\u00e7\u00e3o Cidad\u00e3 da Assembleia Legislativa da Para\u00edba (ALPB) realizou audi\u00eancia p\u00fablica para debater a constru\u00e7\u00e3o de um Sistema Estadual de Participa\u00e7\u00e3o Social na Para\u00edba. o evento, proposto pelo deputado Professor Francisco, contou com a integra\u00e7\u00e3o de \u00f3rg\u00e3os governamentais, ONGs e setores p\u00fablico e privado<\/p>\n<p>Segundo o deputado, o objetivo do debate \u00e9 formalizar a iniciativa de construir o Sistema Estadual de Participa\u00e7\u00e3o Social, por meio da cria\u00e7\u00e3o de um projeto de lei ap\u00f3s a audi\u00eancia p\u00fablica.<\/p>\n<p>\u201cA ideia \u00e9 a gente debater acerca da participa\u00e7\u00e3o social nas diretrizes governamentais. N\u00f3s precisamos de fato que a popula\u00e7\u00e3o esteja envolvida e acompanhe de perto tudo o que o Governo vem fazendo por n\u00f3s e para n\u00f3s. Nesse sentido, a audi\u00eancia p\u00fablica de hoje visa dar o start do desenho de um sistema estadual de participa\u00e7\u00e3o social aqui na Para\u00edba\u201d, ressaltou o parlamentar.<\/p>\n<p>O professor Alexandre Soares, do Instituto Federal de Roraima, que atua como pesquisador e ativista em Jo\u00e3o Pessoa, destacou a import\u00e2ncia da audi\u00eancia para analisar e fortalecer a participa\u00e7\u00e3o popular na constru\u00e7\u00e3o das pol\u00edticas p\u00fablicas estaduais.<\/p>\n","protected":false},"excerpt":{"rendered":"<p>A Comiss\u00e3o de Legisla\u00e7\u00e3o Cidad\u00e3 da Assembleia Legislativa da Para\u00edba (ALPB) realizou audi\u00eancia p\u00fablica para debater a constru\u00e7\u00e3o de um Sistema Estadual de Participa\u00e7\u00e3o Social na Para\u00edba. o evento, proposto pelo deputado Professor Francisco, contou com a integra\u00e7\u00e3o de \u00f3rg\u00e3os governamentais, ONGs e setores p\u00fablico e privado Segundo o deputado, o objetivo do debate \u00e9 &hellip;<\/p>\n","protected":false},"author":1,"featured_media":116658,"comment_status":"open","ping_status":"open","sticky":false,"template":"","format":"standard","meta":{"footnotes":""},"categories":[7],"tags":[],"class_list":["post-121892","post","type-post","status-publish","format-standard","has-post-thumbnail","hentry","category-diversas"],"_links":{"self":[{"href":"https:\/\/iparaiba.com.br\/index.php\/wp-json\/wp\/v2\/posts\/121892","targetHints":{"allow":["GET"]}}],"collection":[{"href":"https:\/\/iparaiba.com.br\/index.php\/wp-json\/wp\/v2\/posts"}],"about":[{"href":"https:\/\/iparaiba.com.br\/index.php\/wp-json\/wp\/v2\/types\/post"}],"author":[{"embeddable":true,"href":"https:\/\/iparaiba.com.br\/index.php\/wp-json\/wp\/v2\/users\/1"}],"replies":[{"embeddable":true,"href":"https:\/\/iparaiba.com.br\/index.php\/wp-json\/wp\/v2\/comments?post=121892"}],"version-history":[{"count":1,"href":"https:\/\/iparaiba.com.br\/index.php\/wp-json\/wp\/v2\/posts\/121892\/revisions"}],"predecessor-version":[{"id":121920,"href":"https:\/\/iparaiba.com.br\/index.php\/wp-json\/wp\/v2\/posts\/121892\/revisions\/121920"}],"wp:featuredmedia":[{"embeddable":true,"href":"https:\/\/iparaiba.com.br\/index.php\/wp-json\/wp\/v2\/media\/116658"}],"wp:attachment":[{"href":"https:\/\/iparaiba.com.br\/index.php\/wp-json\/wp\/v2\/media?parent=121892"}],"wp:term":[{"taxonomy":"category","embeddable":true,"href":"https:\/\/iparaiba.com.br\/index.php\/wp-json\/wp\/v2\/categories?post=121892"},{"taxonomy":"post_tag","embeddable":true,"href":"https:\/\/iparaiba.com.br\/index.php\/wp-json\/wp\/v2\/tags?post=121892"}],"curies":[{"name":"wp","href":"https:\/\/api.w.org\/{rel}","templated":true}]}}