{"id":121889,"date":"2024-04-30T15:09:57","date_gmt":"2024-04-30T18:09:57","guid":{"rendered":"https:\/\/onordeste.com.br\/?p=121881"},"modified":"2024-04-30T15:09:57","modified_gmt":"2024-04-30T18:09:57","slug":"empreendedorismo-feminino-e-debatido-durante-sessao-especial-na-cmjp","status":"publish","type":"post","link":"https:\/\/iparaiba.com.br\/index.php\/2024\/04\/30\/empreendedorismo-feminino-e-debatido-durante-sessao-especial-na-cmjp\/","title":{"rendered":"Empreendedorismo feminino \u00e9 debatido durante sess\u00e3o especial na CMJP"},"content":{"rendered":"<p align=\"justify\">A valoriza\u00e7\u00e3o e a potencializa\u00e7\u00e3o do empreendedorismo feminino foram discutidas na C\u00e2mara Municipal de Jo\u00e3o Pessoa (CMJP). A sess\u00e3o especial foi proposta pelo vereador Durval Ferreira (PL).<\/p>\n<p align=\"justify\">\u201cA participa\u00e7\u00e3o feminina em todos os setores da sociedade \u00e9 uma quest\u00e3o de protagonismo. As mulheres est\u00e3o trabalhando com disciplina para conquistar lugares plurais, com justi\u00e7a social, igualdade salarial e liberdade financeira. Para elas, ter o fomento de neg\u00f3cios formais e informais deve ser o foco de a\u00e7\u00e3o de pol\u00edticas p\u00fablicas de formaliza\u00e7\u00e3o de programas, que possibilitem o enfrentamento da pobreza e a supera\u00e7\u00e3o de vulnerabilidade s\u00f3cio econ\u00f4micas. As pol\u00edticas p\u00fablicas desta Casa devem ser vetores que facilitem o acesso \u00e0 formaliza\u00e7\u00e3o e consolidem o respeito de amparar aquelas que precisam deixar suas casas e seus filhos para enfrentarem o trabalho\u201d, asseverou o propositor da sess\u00e3o.<\/p>\n<p align=\"justify\">De acordo com ele, o n\u00famero de mulheres empreendedoras est\u00e1 crescendo no Brasil e chegou a uma marca hist\u00f3rica em 2022. Pesquisa do Sebrae, com dados do IBGE, constatou que, no\u00a0 terceiro trimestre do ano passado, 10,3 milh\u00f5es de mulheres eram donas de neg\u00f3cios no pa\u00eds, o que representa mais de 34% dos empreendedores. \u201cEssa sess\u00e3o especial visa discutir pol\u00edticas p\u00fablicas para valorizar, motivar e potencializar o empreendedorismo feminino no munic\u00edpio, al\u00e9m de gerar espa\u00e7o para conex\u00f5es reais de crescimento de toda sociedade. Mulheres em crescimento s\u00e3o fam\u00edlias em seguran\u00e7a e homens em crescimento, em sociedade mais justa e igualit\u00e1ria. Juntos podemos tornar o empreendedorismo feminino uma for\u00e7a poderosa para o progresso da sociedade\u201d, enfatizou.<\/p>\n<p align=\"justify\">A diretora de Economia Solid\u00e1ria e Seguran\u00e7a Alimentar e Nutricional da Secretaria de Desenvolvimento Social de Jo\u00e3o Pessoa (Sedes), Ivoneide Ara\u00fajo, apresentou diversos projetos da pasta. \u201cTemos o polo de costura e uma marcenaria escola, onde formamos cerca de 80 mulheres, que j\u00e1 est\u00e3o empreendendo. A Prefeitura vai abrir uma sala de capacita\u00e7\u00e3o no Restaurante Popular de Mangabeira, onde teremos v\u00e1rios cursos de gastronomia, corte e costura. Abriremos uma lavanderia comunit\u00e1ria na Creche Iai\u00e1 Paiva, em Mandacaru, e mais um anexo do polo de costura no Alto do Mateus e Mandacaru, al\u00e9m do projeto \u2018Costurando Sonhos\u2019, no Centro da cidade. Temos cerca de 300 artes\u00e3s que exp\u00f5em na Feira da Economia Solid\u00e1ria, no Centro Administrativo, todo final do m\u00eas, e nos shoppings da cidade. Seguimos avan\u00e7ando nesta luta di\u00e1ria\u201d, ensejou.<\/p>\n<p align=\"justify\">A diretora regional do SESC, Juliana Fernandez, destacou que o empreendedorismo feminino \u00e9 fundamental para a economia e para o com\u00e9rcio. \u201cN\u00f3s sabemos da for\u00e7a e da capacidade da mulher.\u00a0 As mulheres empreendedoras est\u00e3o trazendo para o mercado mais criatividade e inova\u00e7\u00e3o numa perspectiva \u00fanica nos ambientes de neg\u00f3cio, particularmente, na \u00e1rea do com\u00e9rcio, v\u00e3o al\u00e9m dos modelos de trabalho tradicionais. Elas colocam no mercado produtos e servi\u00e7os para atender as necessidades da popula\u00e7\u00e3o como um todo, como tamb\u00e9m as necessidades especificas das mulheres. Mesmo havendo desafios, muitos deles hist\u00f3ricos, as mulheres seguem firmes em seus prop\u00f3sitos, tendo assim uma s\u00e9rie de resultados positivos para desenvolvimento do estado e do pa\u00eds\u201d, assentiu.<\/p>\n<p align=\"justify\">A presidente da Associa\u00e7\u00e3o de Mulheres Empreendedoras (AME), Fany Miranda, contou que tudo come\u00e7ou na comunidade de uma rede social, quando mulheres se identificaram e compartilharam suas lutas. \u201cHoje em dia, temos mulheres que cuidam dos seus pr\u00f3prios neg\u00f3cios, que t\u00eam autonomia. Sou muito feliz por conseguirmos fomentar o empreendedorismo feminino. Temos mulheres como uma que morava de favor com a pr\u00f3pria fam\u00edlia e agora j\u00e1 t\u00eam lojas; outra Mulheres que vendia doces e n\u00e3o tinha dinheiro para comprar a\u00e7\u00facar, mas hoje \u00e9 a maior vendedora de doces da Para\u00edba. O maior pagamento \u00e9 ver a vit\u00f3ria da outra\u201d, afirmou, agradecendo a oportunidade da sess\u00e3o.<\/p>\n","protected":false},"excerpt":{"rendered":"<p>A valoriza\u00e7\u00e3o e a potencializa\u00e7\u00e3o do empreendedorismo feminino foram discutidas na C\u00e2mara Municipal de Jo\u00e3o Pessoa (CMJP). A sess\u00e3o especial foi proposta pelo vereador Durval Ferreira (PL). \u201cA participa\u00e7\u00e3o feminina em todos os setores da sociedade \u00e9 uma quest\u00e3o de protagonismo. As mulheres est\u00e3o trabalhando com disciplina para conquistar lugares plurais, com justi\u00e7a social, igualdade &hellip;<\/p>\n","protected":false},"author":1,"featured_media":99615,"comment_status":"open","ping_status":"open","sticky":false,"template":"","format":"standard","meta":{"footnotes":""},"categories":[8],"tags":[],"class_list":["post-121889","post","type-post","status-publish","format-standard","has-post-thumbnail","hentry","category-politica"],"_links":{"self":[{"href":"https:\/\/iparaiba.com.br\/index.php\/wp-json\/wp\/v2\/posts\/121889","targetHints":{"allow":["GET"]}}],"collection":[{"href":"https:\/\/iparaiba.com.br\/index.php\/wp-json\/wp\/v2\/posts"}],"about":[{"href":"https:\/\/iparaiba.com.br\/index.php\/wp-json\/wp\/v2\/types\/post"}],"author":[{"embeddable":true,"href":"https:\/\/iparaiba.com.br\/index.php\/wp-json\/wp\/v2\/users\/1"}],"replies":[{"embeddable":true,"href":"https:\/\/iparaiba.com.br\/index.php\/wp-json\/wp\/v2\/comments?post=121889"}],"version-history":[{"count":1,"href":"https:\/\/iparaiba.com.br\/index.php\/wp-json\/wp\/v2\/posts\/121889\/revisions"}],"predecessor-version":[{"id":121917,"href":"https:\/\/iparaiba.com.br\/index.php\/wp-json\/wp\/v2\/posts\/121889\/revisions\/121917"}],"wp:featuredmedia":[{"embeddable":true,"href":"https:\/\/iparaiba.com.br\/index.php\/wp-json\/wp\/v2\/media\/99615"}],"wp:attachment":[{"href":"https:\/\/iparaiba.com.br\/index.php\/wp-json\/wp\/v2\/media?parent=121889"}],"wp:term":[{"taxonomy":"category","embeddable":true,"href":"https:\/\/iparaiba.com.br\/index.php\/wp-json\/wp\/v2\/categories?post=121889"},{"taxonomy":"post_tag","embeddable":true,"href":"https:\/\/iparaiba.com.br\/index.php\/wp-json\/wp\/v2\/tags?post=121889"}],"curies":[{"name":"wp","href":"https:\/\/api.w.org\/{rel}","templated":true}]}}